{"id":18592,"date":"2021-03-02T22:18:49","date_gmt":"2021-03-02T21:18:49","guid":{"rendered":"https:\/\/rna.ao\/rna.ao\/?p=18592"},"modified":"2021-03-02T22:22:19","modified_gmt":"2021-03-02T21:22:19","slug":"tata-mokonzi-ya-ekolo-joao-lourenco-asilaki-kozua-longonia-na-mokolo-na-mitano-moleki-kowuta-na-union-africaine-na-tina-ya-bokelami-ya-zone-ya-libre-echange-continentale-africaine","status":"publish","type":"post","link":"https:\/\/rna.ao\/rna.ao\/2021\/03\/02\/tata-mokonzi-ya-ekolo-joao-lourenco-asilaki-kozua-longonia-na-mokolo-na-mitano-moleki-kowuta-na-union-africaine-na-tina-ya-bokelami-ya-zone-ya-libre-echange-continentale-africaine\/","title":{"rendered":"Tata mokonzi ya ekolo, Jo\u00e3o Louren\u00e7o, asilaki kozua longonia na mokolo na mitano moleki, kowuta na Union africaine, na tina ya bokelami ya zone ya libre-\u00e9change continentale africaine."},"content":{"rendered":"<p><img loading=\"lazy\" class=\"size-full wp-image-13697 alignleft\" src=\"https:\/\/rna.ao\/rna.ao\/wp-content\/uploads\/2020\/12\/JLO-CIRGL.jpg\" alt=\"\" width=\"326\" height=\"190\" \/>Tata mokonzi ya ekolo, Jo\u00e3o Louren\u00e7o, asilaki kozua longonia na mokolo na mitano moleki, kowuta na Union africaine, na lifuti ya reconnaissance na bakonzi ya bikolo pe mburamatari, baye bikolo na bango misila kondima bokelami ya zone ya libre-\u00e9change continentale africaine (ZCLCA).<\/p>\n<p>Naboyebi ete milulu yango esalemaki na nadako ya organisation continentale. Pe lifuti to pe prix yango esilaki kopesama na maboko na momonisami to pe Repr\u00e9sentant permanent ya ekolo Angola na Union africaine pe ntoma ya \u00c9thiopie, tata Francisco Jos\u00e9 da Cruz, na kombo ya tata mokonzi ya ekolo Angola, JL.<\/p>\n<p>Naboyebi ete zone ya libre-\u00e9change continentale africaine esila kokota na mosala na mokolo na le 1er janvier 2021. Pe Angola ezalisami kati na bikolo koleka 30 minso miye misila kondimama, sima ya botiki mokolo na Commission ya Union africaine na mokolo na le 4 novembre 2020.<\/p>\n<p>Esengeli pe lisusu koyeba ete tata mokonzi, Jo\u00e3o Louren\u00e7o azali yoko ya bakonzi ya Africa ya yambo baye basila kotiya mokoloto na Accord yango, na mabongisami ya liyangani to Sommet ya 10 ya Union africaine, na mokolo na le 21 mars 2018, o ekolo Rwanda, na mabongisami ya lancement officiel ya zone ya libre-\u00e9change continentale africaine.<\/p>\n<p>Fina na nse oyoka yango<\/p>\n\t<div class=\"qtmplayer-playlist-large\">\n\t\t<ul class=\"qtmplayer-playlist\">\n\t\t\t\n\t\t\t\t\t<li class=\"qtmplayer-trackitem\">\n\t\t<img src=\"https:\/\/rna.ao\/rna.ao\/wp-content\/uploads\/2020\/12\/JLO-CIRGL-100x100.jpg\" alt=\"cover\">\t\t<span \t\t\tdata-qtmplayer-cover=\"https:\/\/rna.ao\/rna.ao\/wp-content\/uploads\/2020\/12\/JLO-CIRGL.jpg\"\n\t\t\t\t\t\tdata-qtmplayer-file=\"https:\/\/rna.ao\/rna.ao\/wp-content\/uploads\/2021\/03\/AUDIO-1.mp3\"\n\t\t\t\t\t\tdata-qtmplayer-title=\"Tata mokonzi ya ekolo, Jo\u00e3o Louren\u00e7o, asilaki kozua longonia na mokolo na mitano moleki, kowuta na Union africaine, na tina ya bokelami ya zone ya libre-\u00e9change continentale africaine.\"\n\t\t\t\t\t\tdata-qtmplayer-artist=\"RNA\"\n\t\t\t\t\t\tdata-qtmplayer-link=\"https:\/\/rna.ao\/rna.ao\/2021\/03\/02\/tata-mokonzi-ya-ekolo-joao-lourenco-asilaki-kozua-longonia-na-mokolo-na-mitano-moleki-kowuta-na-union-africaine-na-tina-ya-bokelami-ya-zone-ya-libre-echange-continentale-africaine\/\"\n\t\t\t\t\t\tdata-qtmplayer-icon=\"file_download\"\n\t\t\t\t\t\tdata-qtmplayer-type=\"track\"\n\t\t\t class=\"qtmplayer-play qtmplayer-link-sec qtmplayer-play-btn\"><i class='material-icons'>play_arrow<\/i><\/span>\n\t\t<p>\n\t\t\t<span class=\"qtmplayer-tit\">Tata mokonzi ya ekolo, Jo\u00e3o Louren\u00e7o, asilaki kozua longonia na mokolo na mitano moleki, kowuta na Union africaine, na tina ya bokelami ya zone ya libre-\u00e9change continentale africaine.<\/span>\n\t\t\t<span class=\"qtmplayer-art\">RNA<\/span>\n\t\t<\/p>\n\t<\/li>\n\t\t<\/ul>\n\t<\/div>\t\t\t\n\t\n<p>Liziba ya sango: RNA\/Canal Internacional-Jornalista Paci\u00eancia Lumpitumuni Passa<\/p>\n","protected":false},"excerpt":{"rendered":"<p>Tata mokonzi ya ekolo, Jo\u00e3o Louren\u00e7o, asilaki kozua longonia na mokolo na mitano moleki, kowuta na Union africaine, na lifuti ya reconnaissance na bakonzi ya bikolo pe mburamatari, baye bikolo na bango misila kondima bokelami ya zone ya libre-\u00e9change continentale africaine (ZCLCA). Naboyebi ete milulu yango esalemaki na nadako ya ...<\/p>\n","protected":false},"author":8,"featured_media":13697,"comment_status":"closed","ping_status":"closed","sticky":false,"template":"","format":"standard","meta":[],"categories":[143,137],"tags":[],"_links":{"self":[{"href":"https:\/\/rna.ao\/rna.ao\/wp-json\/wp\/v2\/posts\/18592"}],"collection":[{"href":"https:\/\/rna.ao\/rna.ao\/wp-json\/wp\/v2\/posts"}],"about":[{"href":"https:\/\/rna.ao\/rna.ao\/wp-json\/wp\/v2\/types\/post"}],"author":[{"embeddable":true,"href":"https:\/\/rna.ao\/rna.ao\/wp-json\/wp\/v2\/users\/8"}],"replies":[{"embeddable":true,"href":"https:\/\/rna.ao\/rna.ao\/wp-json\/wp\/v2\/comments?post=18592"}],"version-history":[{"count":2,"href":"https:\/\/rna.ao\/rna.ao\/wp-json\/wp\/v2\/posts\/18592\/revisions"}],"predecessor-version":[{"id":18598,"href":"https:\/\/rna.ao\/rna.ao\/wp-json\/wp\/v2\/posts\/18592\/revisions\/18598"}],"wp:featuredmedia":[{"embeddable":true,"href":"https:\/\/rna.ao\/rna.ao\/wp-json\/wp\/v2\/media\/13697"}],"wp:attachment":[{"href":"https:\/\/rna.ao\/rna.ao\/wp-json\/wp\/v2\/media?parent=18592"}],"wp:term":[{"taxonomy":"category","embeddable":true,"href":"https:\/\/rna.ao\/rna.ao\/wp-json\/wp\/v2\/categories?post=18592"},{"taxonomy":"post_tag","embeddable":true,"href":"https:\/\/rna.ao\/rna.ao\/wp-json\/wp\/v2\/tags?post=18592"}],"curies":[{"name":"wp","href":"https:\/\/api.w.org\/{rel}","templated":true}]}}