{"id":18582,"date":"2021-03-02T21:56:35","date_gmt":"2021-03-02T20:56:35","guid":{"rendered":"https:\/\/rna.ao\/rna.ao\/?p=18582"},"modified":"2021-03-02T23:01:04","modified_gmt":"2021-03-02T22:01:04","slug":"proposta-de-alteracao-pontual-da-constituicao-da-republica-surpreende-unita","status":"publish","type":"post","link":"https:\/\/rna.ao\/rna.ao\/2021\/03\/02\/proposta-de-alteracao-pontual-da-constituicao-da-republica-surpreende-unita\/","title":{"rendered":"Proposta de altera\u00e7\u00e3o pontual da Constitui\u00e7\u00e3o da Republica &#8220;surpreende&#8221; UNITA"},"content":{"rendered":"<p><img loading=\"lazy\" class=\"wp-image-10097 alignleft\" src=\"https:\/\/rna.ao\/rna.ao\/wp-content\/uploads\/2020\/10\/adalberto_junior-UNITA.jpg\" alt=\"\" width=\"262\" height=\"194\" \/>O presidente da Uni\u00e3o Nacional para a Independ\u00eancia Total de Angola (UNITA), Adalberto Costa J\u00fanior, disse ter sido com &#8220;surpresa&#8221; que o seu partido ouviu o pronunciamento do Presidente da Rep\u00fablica, em rela\u00e7\u00e3o a revis\u00e3o da Constitui\u00e7\u00e3o.<\/p>\n<p>Adalberto Costa J\u00fanior falava na tarde de ter\u00e7a-feira, 02 de Mar\u00e7o, em confer\u00eancia de imprensa, afirmou que, tal facto constitui uma evolu\u00e7\u00e3o in\u00e9dita, muito embora levante suspei\u00e7\u00f5es, podendo ter como objectivo a n\u00e3o realiza\u00e7\u00e3o das elei\u00e7\u00f5es gerais de 2022. Clique no \u00e1udio e ou\u00e7a:<\/p>\n\t<div class=\"qtmplayer-playlist-large\">\n\t\t<ul class=\"qtmplayer-playlist\">\n\t\t\t\n\t\t\t\t\t<li class=\"qtmplayer-trackitem\">\n\t\t<img src=\"https:\/\/rna.ao\/rna.ao\/wp-content\/uploads\/2020\/10\/adalberto_junior-UNITA-100x100.jpg\" alt=\"cover\">\t\t<span \t\t\tdata-qtmplayer-cover=\"https:\/\/rna.ao\/rna.ao\/wp-content\/uploads\/2020\/10\/adalberto_junior-UNITA.jpg\"\n\t\t\t\t\t\tdata-qtmplayer-file=\"https:\/\/rna.ao\/rna.ao\/wp-content\/uploads\/2021\/03\/ADALBERTO-JNIOR-A-02-03.mp3\"\n\t\t\t\t\t\tdata-qtmplayer-title=\"Proposta de altera\u00e7\u00e3o pontual da Constitui\u00e7\u00e3o da Republica &#8220;surpreende&#8221; UNITA\"\n\t\t\t\t\t\tdata-qtmplayer-artist=\"RNA\"\n\t\t\t\t\t\tdata-qtmplayer-link=\"https:\/\/rna.ao\/rna.ao\/2021\/03\/02\/proposta-de-alteracao-pontual-da-constituicao-da-republica-surpreende-unita\/\"\n\t\t\t\t\t\tdata-qtmplayer-icon=\"file_download\"\n\t\t\t\t\t\tdata-qtmplayer-type=\"track\"\n\t\t\t class=\"qtmplayer-play qtmplayer-link-sec qtmplayer-play-btn\"><i class='material-icons'>play_arrow<\/i><\/span>\n\t\t<p>\n\t\t\t<span class=\"qtmplayer-tit\">Proposta de altera\u00e7\u00e3o pontual da Constitui\u00e7\u00e3o da Republica &#8220;surpreende&#8221; UNITA<\/span>\n\t\t\t<span class=\"qtmplayer-art\">RNA<\/span>\n\t\t<\/p>\n\t<\/li>\n\t\t<\/ul>\n\t<\/div>\t\t\t\n\t\n<p>O l\u00edder do partido do Galo Negro, Adalberto Costa J\u00fanior, enumerou os pontos, em que se deve basear a revis\u00e3o Constitucional, na perspetiva da UNITA, tendo como suporte o amplo di\u00e1logo nacional. Clique no \u00e1udio e ou\u00e7a:<\/p>\n\t<div class=\"qtmplayer-playlist-large\">\n\t\t<ul class=\"qtmplayer-playlist\">\n\t\t\t\n\t\t\t\t\t<li class=\"qtmplayer-trackitem\">\n\t\t<img src=\"https:\/\/rna.ao\/rna.ao\/wp-content\/uploads\/2020\/10\/adalberto_junior-UNITA-100x100.jpg\" alt=\"cover\">\t\t<span \t\t\tdata-qtmplayer-cover=\"https:\/\/rna.ao\/rna.ao\/wp-content\/uploads\/2020\/10\/adalberto_junior-UNITA.jpg\"\n\t\t\t\t\t\tdata-qtmplayer-file=\"https:\/\/rna.ao\/rna.ao\/wp-content\/uploads\/2021\/03\/ADALBERTO-COSTA-JNIOR-B-02-03.mp3\"\n\t\t\t\t\t\tdata-qtmplayer-title=\"Proposta de altera\u00e7\u00e3o pontual da Constitui\u00e7\u00e3o da Republica &#8220;surpreende&#8221; UNITA\"\n\t\t\t\t\t\tdata-qtmplayer-artist=\"RNA\"\n\t\t\t\t\t\tdata-qtmplayer-link=\"https:\/\/rna.ao\/rna.ao\/2021\/03\/02\/proposta-de-alteracao-pontual-da-constituicao-da-republica-surpreende-unita\/\"\n\t\t\t\t\t\tdata-qtmplayer-icon=\"file_download\"\n\t\t\t\t\t\tdata-qtmplayer-type=\"track\"\n\t\t\t class=\"qtmplayer-play qtmplayer-link-sec qtmplayer-play-btn\"><i class='material-icons'>play_arrow<\/i><\/span>\n\t\t<p>\n\t\t\t<span class=\"qtmplayer-tit\">Proposta de altera\u00e7\u00e3o pontual da Constitui\u00e7\u00e3o da Republica &#8220;surpreende&#8221; UNITA<\/span>\n\t\t\t<span class=\"qtmplayer-art\">RNA<\/span>\n\t\t<\/p>\n\t<\/li>\n\t\t<\/ul>\n\t<\/div>\t\t\t\n\t\n<p>Fonte: RNA<\/p>\n","protected":false},"excerpt":{"rendered":"<p>O presidente da Uni\u00e3o Nacional para a Independ\u00eancia Total de Angola (UNITA), Adalberto Costa J\u00fanior, disse ter sido com &#8220;surpresa&#8221; que o seu partido ouviu o pronunciamento do Presidente da Rep\u00fablica, em rela\u00e7\u00e3o a revis\u00e3o da Constitui\u00e7\u00e3o. Adalberto Costa J\u00fanior falava na tarde de ter\u00e7a-feira, 02 de Mar\u00e7o, em confer\u00eancia ...<\/p>\n","protected":false},"author":8,"featured_media":10097,"comment_status":"closed","ping_status":"closed","sticky":false,"template":"","format":"standard","meta":[],"categories":[164,163],"tags":[],"_links":{"self":[{"href":"https:\/\/rna.ao\/rna.ao\/wp-json\/wp\/v2\/posts\/18582"}],"collection":[{"href":"https:\/\/rna.ao\/rna.ao\/wp-json\/wp\/v2\/posts"}],"about":[{"href":"https:\/\/rna.ao\/rna.ao\/wp-json\/wp\/v2\/types\/post"}],"author":[{"embeddable":true,"href":"https:\/\/rna.ao\/rna.ao\/wp-json\/wp\/v2\/users\/8"}],"replies":[{"embeddable":true,"href":"https:\/\/rna.ao\/rna.ao\/wp-json\/wp\/v2\/comments?post=18582"}],"version-history":[{"count":2,"href":"https:\/\/rna.ao\/rna.ao\/wp-json\/wp\/v2\/posts\/18582\/revisions"}],"predecessor-version":[{"id":18606,"href":"https:\/\/rna.ao\/rna.ao\/wp-json\/wp\/v2\/posts\/18582\/revisions\/18606"}],"wp:featuredmedia":[{"embeddable":true,"href":"https:\/\/rna.ao\/rna.ao\/wp-json\/wp\/v2\/media\/10097"}],"wp:attachment":[{"href":"https:\/\/rna.ao\/rna.ao\/wp-json\/wp\/v2\/media?parent=18582"}],"wp:term":[{"taxonomy":"category","embeddable":true,"href":"https:\/\/rna.ao\/rna.ao\/wp-json\/wp\/v2\/categories?post=18582"},{"taxonomy":"post_tag","embeddable":true,"href":"https:\/\/rna.ao\/rna.ao\/wp-json\/wp\/v2\/tags?post=18582"}],"curies":[{"name":"wp","href":"https:\/\/api.w.org\/{rel}","templated":true}]}}