{"id":18577,"date":"2021-03-02T21:38:13","date_gmt":"2021-03-02T20:38:13","guid":{"rendered":"https:\/\/rna.ao\/rna.ao\/?p=18577"},"modified":"2021-03-02T21:39:35","modified_gmt":"2021-03-02T20:39:35","slug":"alteracao-na-constituicao-preve-votacao-para-o-cargo-de-governador-do-banco-nacional-de-angola","status":"publish","type":"post","link":"https:\/\/rna.ao\/rna.ao\/2021\/03\/02\/alteracao-na-constituicao-preve-votacao-para-o-cargo-de-governador-do-banco-nacional-de-angola\/","title":{"rendered":"Altera\u00e7\u00e3o na Constitui\u00e7\u00e3o prev\u00ea vota\u00e7\u00e3o para o cargo de Governador do Banco Nacional de Angola"},"content":{"rendered":"<p><img loading=\"lazy\" class=\"size-full wp-image-9860 alignleft\" src=\"https:\/\/rna.ao\/rna.ao\/wp-content\/uploads\/2020\/10\/Adao-de-Almeida-podium.jpg\" alt=\"\" width=\"350\" height=\"250\" \/>O Ministro de Estado e Chefe da Casa Civil do Presidente da Rep\u00fablica, Ad\u00e3o de Almeida, esclareceu esta ter\u00e7a-feira, 03 de Mar\u00e7o, em confer\u00eancia de imprensa, que a proposta de revis\u00e3o da Constitui\u00e7\u00e3o prev\u00ea a vota\u00e7\u00e3o, no Parlamento, do Governador do Banco Nacional de Angola,<\/p>\n<p>Estes esclarecimentos foram feitos, por Ad\u00e3o de Almeida, para clarificar a iniciativa manifestada pelo Presidente da Republica, na reuni\u00e3o do Conselho de Ministros, para a revis\u00e3o pontual da Constitui\u00e7\u00e3o da Republica de Angola, em vigor desde 2010. Clique no \u00e1udio e ou\u00e7a:<\/p>\n\t<div class=\"qtmplayer-playlist-large\">\n\t\t<ul class=\"qtmplayer-playlist\">\n\t\t\t\n\t\t\t\t\t<li class=\"qtmplayer-trackitem\">\n\t\t<img src=\"https:\/\/rna.ao\/rna.ao\/wp-content\/uploads\/2020\/10\/BNA-1-1-100x100.jpg\" alt=\"cover\">\t\t<span \t\t\tdata-qtmplayer-cover=\"https:\/\/rna.ao\/rna.ao\/wp-content\/uploads\/2020\/10\/BNA-1-1.jpg\"\n\t\t\t\t\t\tdata-qtmplayer-file=\"https:\/\/rna.ao\/rna.ao\/wp-content\/uploads\/2021\/03\/ADAO-DE-ALMEIDA-BNA.mp3\"\n\t\t\t\t\t\tdata-qtmplayer-title=\"Altera\u00e7\u00e3o na Constitui\u00e7\u00e3o prev\u00ea vota\u00e7\u00e3o para o cargo de Governador do Banco Nacional de Angola\"\n\t\t\t\t\t\tdata-qtmplayer-artist=\"RNA\"\n\t\t\t\t\t\tdata-qtmplayer-link=\"https:\/\/rna.ao\/rna.ao\/2021\/03\/02\/alteracao-na-constituicao-preve-votacao-para-o-cargo-de-governador-do-banco-nacional-de-angola\/\"\n\t\t\t\t\t\tdata-qtmplayer-icon=\"file_download\"\n\t\t\t\t\t\tdata-qtmplayer-type=\"track\"\n\t\t\t class=\"qtmplayer-play qtmplayer-link-sec qtmplayer-play-btn\"><i class='material-icons'>play_arrow<\/i><\/span>\n\t\t<p>\n\t\t\t<span class=\"qtmplayer-tit\">Altera\u00e7\u00e3o na Constitui\u00e7\u00e3o prev\u00ea vota\u00e7\u00e3o para o cargo de Governador do Banco Nacional de Angola<\/span>\n\t\t\t<span class=\"qtmplayer-art\">RNA<\/span>\n\t\t<\/p>\n\t<\/li>\n\t\t<\/ul>\n\t<\/div>\t\t\t\n\t\n<p>Fonte: RNA<\/p>\n","protected":false},"excerpt":{"rendered":"<p>O Ministro de Estado e Chefe da Casa Civil do Presidente da Rep\u00fablica, Ad\u00e3o de Almeida, esclareceu esta ter\u00e7a-feira, 03 de Mar\u00e7o, em confer\u00eancia de imprensa, que a proposta de revis\u00e3o da Constitui\u00e7\u00e3o prev\u00ea a vota\u00e7\u00e3o, no Parlamento, do Governador do Banco Nacional de Angola, Estes esclarecimentos foram feitos, por ...<\/p>\n","protected":false},"author":8,"featured_media":8344,"comment_status":"closed","ping_status":"closed","sticky":false,"template":"","format":"standard","meta":[],"categories":[142,163],"tags":[],"_links":{"self":[{"href":"https:\/\/rna.ao\/rna.ao\/wp-json\/wp\/v2\/posts\/18577"}],"collection":[{"href":"https:\/\/rna.ao\/rna.ao\/wp-json\/wp\/v2\/posts"}],"about":[{"href":"https:\/\/rna.ao\/rna.ao\/wp-json\/wp\/v2\/types\/post"}],"author":[{"embeddable":true,"href":"https:\/\/rna.ao\/rna.ao\/wp-json\/wp\/v2\/users\/8"}],"replies":[{"embeddable":true,"href":"https:\/\/rna.ao\/rna.ao\/wp-json\/wp\/v2\/comments?post=18577"}],"version-history":[{"count":3,"href":"https:\/\/rna.ao\/rna.ao\/wp-json\/wp\/v2\/posts\/18577\/revisions"}],"predecessor-version":[{"id":18581,"href":"https:\/\/rna.ao\/rna.ao\/wp-json\/wp\/v2\/posts\/18577\/revisions\/18581"}],"wp:featuredmedia":[{"embeddable":true,"href":"https:\/\/rna.ao\/rna.ao\/wp-json\/wp\/v2\/media\/8344"}],"wp:attachment":[{"href":"https:\/\/rna.ao\/rna.ao\/wp-json\/wp\/v2\/media?parent=18577"}],"wp:term":[{"taxonomy":"category","embeddable":true,"href":"https:\/\/rna.ao\/rna.ao\/wp-json\/wp\/v2\/categories?post=18577"},{"taxonomy":"post_tag","embeddable":true,"href":"https:\/\/rna.ao\/rna.ao\/wp-json\/wp\/v2\/tags?post=18577"}],"curies":[{"name":"wp","href":"https:\/\/api.w.org\/{rel}","templated":true}]}}