{"id":18569,"date":"2021-03-02T21:23:04","date_gmt":"2021-03-02T20:23:04","guid":{"rendered":"https:\/\/rna.ao\/rna.ao\/?p=18569"},"modified":"2021-03-02T21:23:04","modified_gmt":"2021-03-02T20:23:04","slug":"assembleia-nacional-ja-recebeu-proposta-de-revisao-ordinaria-da-constituicao-da-republica","status":"publish","type":"post","link":"https:\/\/rna.ao\/rna.ao\/2021\/03\/02\/assembleia-nacional-ja-recebeu-proposta-de-revisao-ordinaria-da-constituicao-da-republica\/","title":{"rendered":"Assembleia Nacional j\u00e1 recebeu proposta de revis\u00e3o ordin\u00e1ria da Constitui\u00e7\u00e3o da Rep\u00fablica"},"content":{"rendered":"<p><img loading=\"lazy\" class=\"size-full wp-image-18575 alignleft\" src=\"https:\/\/rna.ao\/rna.ao\/wp-content\/uploads\/2021\/03\/ministro_de_estado-entrega-Constituicao.jpg\" alt=\"\" width=\"261\" height=\"174\" \/>A Constitui\u00e7\u00e3o da Rep\u00fablica de Angola ser\u00e1 objecto de revis\u00e3o, numa iniciativa do Presidente Jo\u00e3o Manuel Goncalves Louren\u00e7o, manifestada esta ter\u00e7a-feira, 02 de Mar\u00e7o, em reuni\u00e3o do Conselho de Ministros.<\/p>\n<p>Os termos desta iniciativa presidencial, para a revis\u00e3o ordin\u00e1ria da Constitui\u00e7\u00e3o, foram entregues a Assembleia Nacional.<\/p>\n<p>De acordo com o Ministro de Estado e Chefe da Casa Civil do Presidente da Rep\u00fablica, Ad\u00e3o de Almeida, o documento, hora entregue a Assembleia Nacional, \u00e9 um conjunto de propostas, que visam melhorar o texto da Constitui\u00e7\u00e3o. Clique no \u00e1udio e ou\u00e7a:<\/p>\n\t<div class=\"qtmplayer-playlist-large\">\n\t\t<ul class=\"qtmplayer-playlist\">\n\t\t\t\n\t\t\t\t\t<li class=\"qtmplayer-trackitem\">\n\t\t<img src=\"https:\/\/rna.ao\/rna.ao\/wp-content\/uploads\/2021\/03\/ministro_de_estado-entrega-Constituicao-100x100.jpg\" alt=\"cover\">\t\t<span \t\t\tdata-qtmplayer-cover=\"https:\/\/rna.ao\/rna.ao\/wp-content\/uploads\/2021\/03\/ministro_de_estado-entrega-Constituicao.jpg\"\n\t\t\t\t\t\tdata-qtmplayer-file=\"https:\/\/rna.ao\/rna.ao\/wp-content\/uploads\/2021\/03\/ADAO-DE-ALMEIDA-A-02-03.mp3\"\n\t\t\t\t\t\tdata-qtmplayer-title=\"Assembleia Nacional j\u00e1 recebeu proposta de revis\u00e3o ordin\u00e1ria da Constitui\u00e7\u00e3o da Rep\u00fablica\"\n\t\t\t\t\t\tdata-qtmplayer-artist=\"RNA\"\n\t\t\t\t\t\tdata-qtmplayer-link=\"https:\/\/rna.ao\/rna.ao\/2021\/03\/02\/assembleia-nacional-ja-recebeu-proposta-de-revisao-ordinaria-da-constituicao-da-republica\/\"\n\t\t\t\t\t\tdata-qtmplayer-icon=\"file_download\"\n\t\t\t\t\t\tdata-qtmplayer-type=\"track\"\n\t\t\t class=\"qtmplayer-play qtmplayer-link-sec qtmplayer-play-btn\"><i class='material-icons'>play_arrow<\/i><\/span>\n\t\t<p>\n\t\t\t<span class=\"qtmplayer-tit\">Assembleia Nacional j\u00e1 recebeu proposta de revis\u00e3o ordin\u00e1ria da Constitui\u00e7\u00e3o da Rep\u00fablica<\/span>\n\t\t\t<span class=\"qtmplayer-art\">RNA<\/span>\n\t\t<\/p>\n\t<\/li>\n\t\t<\/ul>\n\t<\/div>\t\t\t\n\t\n<p>Ad\u00e3o de Almeida, que falava em confer\u00eancia de imprensa, fez saber que um diagn\u00f3stico feito, sobre os onze anos de exist\u00eancia da Constitui\u00e7\u00e3o de Angola, mostra que o pa\u00eds tem uma boa Constitui\u00e7\u00e3o e com grande longevidade.<\/p>\n<p>Entretanto, o Ministro Ad\u00e3o de Almeida reconhece que a Constitui\u00e7\u00e3o tem alguns dom\u00ednios, onde o refor\u00e7o da mesma se faz necess\u00e1rio.<\/p>\n<p>Neste cap\u00edtulo, Ad\u00e3o de Almeida diz que ser\u00e3o feitas altera\u00e7\u00f5es de textos, revoga\u00e7\u00e3o de artigos e editamento de novos artigos, que, no todo, ser\u00e3o 40 artigos. Clique no \u00e1udio e ou\u00e7a:<\/p>\n\t<div class=\"qtmplayer-playlist-large\">\n\t\t<ul class=\"qtmplayer-playlist\">\n\t\t\t\n\t\t\t\t\t<li class=\"qtmplayer-trackitem\">\n\t\t<img src=\"https:\/\/rna.ao\/rna.ao\/wp-content\/uploads\/2021\/03\/ministro_de_estado-entrega-Constituicao-100x100.jpg\" alt=\"cover\">\t\t<span \t\t\tdata-qtmplayer-cover=\"https:\/\/rna.ao\/rna.ao\/wp-content\/uploads\/2021\/03\/ministro_de_estado-entrega-Constituicao.jpg\"\n\t\t\t\t\t\tdata-qtmplayer-file=\"https:\/\/rna.ao\/rna.ao\/wp-content\/uploads\/2021\/03\/ADAO-DE-ALMEIDA-B-02-03-.mp3\"\n\t\t\t\t\t\tdata-qtmplayer-title=\"Assembleia Nacional j\u00e1 recebeu proposta de revis\u00e3o ordin\u00e1ria da Constitui\u00e7\u00e3o da Rep\u00fablica\"\n\t\t\t\t\t\tdata-qtmplayer-artist=\"RNA\"\n\t\t\t\t\t\tdata-qtmplayer-link=\"https:\/\/rna.ao\/rna.ao\/2021\/03\/02\/assembleia-nacional-ja-recebeu-proposta-de-revisao-ordinaria-da-constituicao-da-republica\/\"\n\t\t\t\t\t\tdata-qtmplayer-icon=\"file_download\"\n\t\t\t\t\t\tdata-qtmplayer-type=\"track\"\n\t\t\t class=\"qtmplayer-play qtmplayer-link-sec qtmplayer-play-btn\"><i class='material-icons'>play_arrow<\/i><\/span>\n\t\t<p>\n\t\t\t<span class=\"qtmplayer-tit\">Assembleia Nacional j\u00e1 recebeu proposta de revis\u00e3o ordin\u00e1ria da Constitui\u00e7\u00e3o da Rep\u00fablica<\/span>\n\t\t\t<span class=\"qtmplayer-art\">RNA<\/span>\n\t\t<\/p>\n\t<\/li>\n\t\t<\/ul>\n\t<\/div>\t\t\t\n\t\n<p>Fonte: RNA<\/p>\n","protected":false},"excerpt":{"rendered":"<p>A Constitui\u00e7\u00e3o da Rep\u00fablica de Angola ser\u00e1 objecto de revis\u00e3o, numa iniciativa do Presidente Jo\u00e3o Manuel Goncalves Louren\u00e7o, manifestada esta ter\u00e7a-feira, 02 de Mar\u00e7o, em reuni\u00e3o do Conselho de Ministros. Os termos desta iniciativa presidencial, para a revis\u00e3o ordin\u00e1ria da Constitui\u00e7\u00e3o, foram entregues a Assembleia Nacional. De acordo com o ...<\/p>\n","protected":false},"author":8,"featured_media":18575,"comment_status":"closed","ping_status":"closed","sticky":false,"template":"","format":"standard","meta":[],"categories":[142,163],"tags":[],"_links":{"self":[{"href":"https:\/\/rna.ao\/rna.ao\/wp-json\/wp\/v2\/posts\/18569"}],"collection":[{"href":"https:\/\/rna.ao\/rna.ao\/wp-json\/wp\/v2\/posts"}],"about":[{"href":"https:\/\/rna.ao\/rna.ao\/wp-json\/wp\/v2\/types\/post"}],"author":[{"embeddable":true,"href":"https:\/\/rna.ao\/rna.ao\/wp-json\/wp\/v2\/users\/8"}],"replies":[{"embeddable":true,"href":"https:\/\/rna.ao\/rna.ao\/wp-json\/wp\/v2\/comments?post=18569"}],"version-history":[{"count":1,"href":"https:\/\/rna.ao\/rna.ao\/wp-json\/wp\/v2\/posts\/18569\/revisions"}],"predecessor-version":[{"id":18576,"href":"https:\/\/rna.ao\/rna.ao\/wp-json\/wp\/v2\/posts\/18569\/revisions\/18576"}],"wp:featuredmedia":[{"embeddable":true,"href":"https:\/\/rna.ao\/rna.ao\/wp-json\/wp\/v2\/media\/18575"}],"wp:attachment":[{"href":"https:\/\/rna.ao\/rna.ao\/wp-json\/wp\/v2\/media?parent=18569"}],"wp:term":[{"taxonomy":"category","embeddable":true,"href":"https:\/\/rna.ao\/rna.ao\/wp-json\/wp\/v2\/categories?post=18569"},{"taxonomy":"post_tag","embeddable":true,"href":"https:\/\/rna.ao\/rna.ao\/wp-json\/wp\/v2\/tags?post=18569"}],"curies":[{"name":"wp","href":"https:\/\/api.w.org\/{rel}","templated":true}]}}