{"id":18568,"date":"2021-03-02T21:20:22","date_gmt":"2021-03-02T20:20:22","guid":{"rendered":"https:\/\/rna.ao\/rna.ao\/?p=18568"},"modified":"2021-03-02T21:20:22","modified_gmt":"2021-03-02T20:20:22","slug":"enfermeira-de-71-anos-de-idade-recebe-primeira-dose-da-vacina-contra-a-covid-19-em-angola","status":"publish","type":"post","link":"https:\/\/rna.ao\/rna.ao\/2021\/03\/02\/enfermeira-de-71-anos-de-idade-recebe-primeira-dose-da-vacina-contra-a-covid-19-em-angola\/","title":{"rendered":"Enfermeira de 71 anos de idade recebe primeira dose da vacina contra a Covid-19 em Angola"},"content":{"rendered":"<p><img loading=\"lazy\" class=\"size-full wp-image-18571 alignleft\" src=\"https:\/\/rna.ao\/rna.ao\/wp-content\/uploads\/2021\/03\/COVID-19-PRIMEIFRA-VACINA-EM-ANGOLA.jpg\" alt=\"\" width=\"277\" height=\"185\" \/>Angola recebeu esta ter\u00e7a-feira, 02 de Mar\u00e7o, o primeiro lote de vacinas contra a Covid-19. Com a chegada deste primeiro lote de vacinas, algumas pessoas foram j\u00e1 vacinadas.<\/p>\n<p>Dentre o grupo de pessoas, que beneficiaram j\u00e1 da vacina, a primeira angolana a receber a dose foi uma enfermeira reformada, de 71 anos de idade, que prestou trabalho na Angom\u00e9dica. Clique no \u00e1udio, abaixo, e ou\u00e7a com mais desenvolvimento na reportagem com Patr\u00edcia Van-Dunem:<\/p>\n\t<div class=\"qtmplayer-playlist-large\">\n\t\t<ul class=\"qtmplayer-playlist\">\n\t\t\t\n\t\t\t\t\t<li class=\"qtmplayer-trackitem\">\n\t\t<img src=\"https:\/\/rna.ao\/rna.ao\/wp-content\/uploads\/2021\/03\/COVID-19-PRIMEIFRA-VACINA-EM-ANGOLA-100x100.jpg\" alt=\"cover\">\t\t<span \t\t\tdata-qtmplayer-cover=\"https:\/\/rna.ao\/rna.ao\/wp-content\/uploads\/2021\/03\/COVID-19-PRIMEIFRA-VACINA-EM-ANGOLA.jpg\"\n\t\t\t\t\t\tdata-qtmplayer-file=\"https:\/\/rna.ao\/rna.ao\/wp-content\/uploads\/2021\/03\/P-Van-Dunem-02-03.mp3\"\n\t\t\t\t\t\tdata-qtmplayer-title=\"Enfermeira de 71 anos de idade recebe primeira dose da vacina contra a Covid-19 em Angola\"\n\t\t\t\t\t\tdata-qtmplayer-artist=\"RNA\"\n\t\t\t\t\t\tdata-qtmplayer-link=\"https:\/\/rna.ao\/rna.ao\/2021\/03\/02\/enfermeira-de-71-anos-de-idade-recebe-primeira-dose-da-vacina-contra-a-covid-19-em-angola\/\"\n\t\t\t\t\t\tdata-qtmplayer-icon=\"file_download\"\n\t\t\t\t\t\tdata-qtmplayer-type=\"track\"\n\t\t\t class=\"qtmplayer-play qtmplayer-link-sec qtmplayer-play-btn\"><i class='material-icons'>play_arrow<\/i><\/span>\n\t\t<p>\n\t\t\t<span class=\"qtmplayer-tit\">Enfermeira de 71 anos de idade recebe primeira dose da vacina contra a Covid-19 em Angola<\/span>\n\t\t\t<span class=\"qtmplayer-art\">RNA<\/span>\n\t\t<\/p>\n\t<\/li>\n\t\t<\/ul>\n\t<\/div>\t\t\t\n\t\n<p>Fonte: RNA<\/p>\n","protected":false},"excerpt":{"rendered":"<p>Angola recebeu esta ter\u00e7a-feira, 02 de Mar\u00e7o, o primeiro lote de vacinas contra a Covid-19. Com a chegada deste primeiro lote de vacinas, algumas pessoas foram j\u00e1 vacinadas. Dentre o grupo de pessoas, que beneficiaram j\u00e1 da vacina, a primeira angolana a receber a dose foi uma enfermeira reformada, de ...<\/p>\n","protected":false},"author":8,"featured_media":18571,"comment_status":"closed","ping_status":"closed","sticky":false,"template":"","format":"standard","meta":[],"categories":[142,163],"tags":[],"_links":{"self":[{"href":"https:\/\/rna.ao\/rna.ao\/wp-json\/wp\/v2\/posts\/18568"}],"collection":[{"href":"https:\/\/rna.ao\/rna.ao\/wp-json\/wp\/v2\/posts"}],"about":[{"href":"https:\/\/rna.ao\/rna.ao\/wp-json\/wp\/v2\/types\/post"}],"author":[{"embeddable":true,"href":"https:\/\/rna.ao\/rna.ao\/wp-json\/wp\/v2\/users\/8"}],"replies":[{"embeddable":true,"href":"https:\/\/rna.ao\/rna.ao\/wp-json\/wp\/v2\/comments?post=18568"}],"version-history":[{"count":1,"href":"https:\/\/rna.ao\/rna.ao\/wp-json\/wp\/v2\/posts\/18568\/revisions"}],"predecessor-version":[{"id":18572,"href":"https:\/\/rna.ao\/rna.ao\/wp-json\/wp\/v2\/posts\/18568\/revisions\/18572"}],"wp:featuredmedia":[{"embeddable":true,"href":"https:\/\/rna.ao\/rna.ao\/wp-json\/wp\/v2\/media\/18571"}],"wp:attachment":[{"href":"https:\/\/rna.ao\/rna.ao\/wp-json\/wp\/v2\/media?parent=18568"}],"wp:term":[{"taxonomy":"category","embeddable":true,"href":"https:\/\/rna.ao\/rna.ao\/wp-json\/wp\/v2\/categories?post=18568"},{"taxonomy":"post_tag","embeddable":true,"href":"https:\/\/rna.ao\/rna.ao\/wp-json\/wp\/v2\/tags?post=18568"}],"curies":[{"name":"wp","href":"https:\/\/api.w.org\/{rel}","templated":true}]}}