{"id":18560,"date":"2021-03-02T15:56:10","date_gmt":"2021-03-02T14:56:10","guid":{"rendered":"https:\/\/rna.ao\/rna.ao\/?p=18560"},"modified":"2021-03-02T15:56:47","modified_gmt":"2021-03-02T14:56:47","slug":"angola-recebeu-ja-as-primeiras-vacinas-da-covid-19-num-total-de-600-mil-doses-da-astrazeneca","status":"publish","type":"post","link":"https:\/\/rna.ao\/rna.ao\/2021\/03\/02\/angola-recebeu-ja-as-primeiras-vacinas-da-covid-19-num-total-de-600-mil-doses-da-astrazeneca\/","title":{"rendered":"Angola recebeu j\u00e1 as primeiras  vacinas da Covid-19 num total de 600 mil doses da Astrazeneca"},"content":{"rendered":"<p><img loading=\"lazy\" class=\"size-full wp-image-16415 alignleft\" src=\"https:\/\/rna.ao\/rna.ao\/wp-content\/uploads\/2021\/02\/Silvia-Lutucuta-02-02.jpg\" alt=\"\" width=\"284\" height=\"199\" \/>Angola acaba de receber o primeiro lote de vacinas, contra a Covid-19. S\u00e3o mais de seiscentas mil doses de vacina da ASTRAZENECA, no quadro da iniciativa COVAX.<\/p>\n<p>Esta iniciativa foi criada, para garantir um acesso justo as vacinas, por pa\u00edses de baixo e m\u00e9dio rendimento.\u00a0 A Ministra da Sa\u00fade, S\u00edlvia Lutucuta, confirmou esta ter\u00e7a-feira, 02 de Mar\u00e7o, que o nosso pa\u00eds foi o terceiro de Africa, e o primeiro lus\u00f3fono a beneficiar das vacinas.<\/p>\n<p>A titular da pasta da sa\u00fade disse que a vacina\u00e7\u00e3o tem inicio ainda hoje, na capital do pa\u00eds, mas toda popula\u00e7\u00e3o angolana vai ser vacinada. Clique no \u00e1udio abaixo e ou\u00e7a:<\/p>\n\t<div class=\"qtmplayer-playlist-large\">\n\t\t<ul class=\"qtmplayer-playlist\">\n\t\t\t\n\t\t\t\t\t<li class=\"qtmplayer-trackitem\">\n\t\t<img src=\"https:\/\/rna.ao\/rna.ao\/wp-content\/uploads\/2021\/02\/Silvia-Lutucuta-02-02-100x100.jpg\" alt=\"cover\">\t\t<span \t\t\tdata-qtmplayer-cover=\"https:\/\/rna.ao\/rna.ao\/wp-content\/uploads\/2021\/02\/Silvia-Lutucuta-02-02.jpg\"\n\t\t\t\t\t\tdata-qtmplayer-file=\"https:\/\/rna.ao\/rna.ao\/wp-content\/uploads\/2021\/03\/SILVIA-LUTUKUTA-VACINAS.mp3\"\n\t\t\t\t\t\tdata-qtmplayer-title=\"Angola recebeu j\u00e1 as primeiras  vacinas da Covid-19 num total de 600 mil doses da Astrazeneca\"\n\t\t\t\t\t\tdata-qtmplayer-artist=\"RNA\"\n\t\t\t\t\t\tdata-qtmplayer-link=\"https:\/\/rna.ao\/rna.ao\/2021\/03\/02\/angola-recebeu-ja-as-primeiras-vacinas-da-covid-19-num-total-de-600-mil-doses-da-astrazeneca\/\"\n\t\t\t\t\t\tdata-qtmplayer-icon=\"file_download\"\n\t\t\t\t\t\tdata-qtmplayer-type=\"track\"\n\t\t\t class=\"qtmplayer-play qtmplayer-link-sec qtmplayer-play-btn\"><i class='material-icons'>play_arrow<\/i><\/span>\n\t\t<p>\n\t\t\t<span class=\"qtmplayer-tit\">Angola recebeu j\u00e1 as primeiras  vacinas da Covid-19 num total de 600 mil doses da Astrazeneca<\/span>\n\t\t\t<span class=\"qtmplayer-art\">RNA<\/span>\n\t\t<\/p>\n\t<\/li>\n\t\t<\/ul>\n\t<\/div>\t\t\t\n\t\n<p>Fonte: RNA<\/p>\n","protected":false},"excerpt":{"rendered":"<p>Angola acaba de receber o primeiro lote de vacinas, contra a Covid-19. S\u00e3o mais de seiscentas mil doses de vacina da ASTRAZENECA, no quadro da iniciativa COVAX. Esta iniciativa foi criada, para garantir um acesso justo as vacinas, por pa\u00edses de baixo e m\u00e9dio rendimento.\u00a0 A Ministra da Sa\u00fade, S\u00edlvia ...<\/p>\n","protected":false},"author":8,"featured_media":16415,"comment_status":"closed","ping_status":"closed","sticky":false,"template":"","format":"standard","meta":[],"categories":[142,163],"tags":[],"_links":{"self":[{"href":"https:\/\/rna.ao\/rna.ao\/wp-json\/wp\/v2\/posts\/18560"}],"collection":[{"href":"https:\/\/rna.ao\/rna.ao\/wp-json\/wp\/v2\/posts"}],"about":[{"href":"https:\/\/rna.ao\/rna.ao\/wp-json\/wp\/v2\/types\/post"}],"author":[{"embeddable":true,"href":"https:\/\/rna.ao\/rna.ao\/wp-json\/wp\/v2\/users\/8"}],"replies":[{"embeddable":true,"href":"https:\/\/rna.ao\/rna.ao\/wp-json\/wp\/v2\/comments?post=18560"}],"version-history":[{"count":2,"href":"https:\/\/rna.ao\/rna.ao\/wp-json\/wp\/v2\/posts\/18560\/revisions"}],"predecessor-version":[{"id":18564,"href":"https:\/\/rna.ao\/rna.ao\/wp-json\/wp\/v2\/posts\/18560\/revisions\/18564"}],"wp:featuredmedia":[{"embeddable":true,"href":"https:\/\/rna.ao\/rna.ao\/wp-json\/wp\/v2\/media\/16415"}],"wp:attachment":[{"href":"https:\/\/rna.ao\/rna.ao\/wp-json\/wp\/v2\/media?parent=18560"}],"wp:term":[{"taxonomy":"category","embeddable":true,"href":"https:\/\/rna.ao\/rna.ao\/wp-json\/wp\/v2\/categories?post=18560"},{"taxonomy":"post_tag","embeddable":true,"href":"https:\/\/rna.ao\/rna.ao\/wp-json\/wp\/v2\/tags?post=18560"}],"curies":[{"name":"wp","href":"https:\/\/api.w.org\/{rel}","templated":true}]}}