{"id":18547,"date":"2021-03-02T10:39:37","date_gmt":"2021-03-02T09:39:37","guid":{"rendered":"https:\/\/rna.ao\/rna.ao\/?p=18547"},"modified":"2021-03-02T10:39:37","modified_gmt":"2021-03-02T09:39:37","slug":"presidente-joao-lourenco-propoe-revisao-pontual-da-constituicao-da-republica","status":"publish","type":"post","link":"https:\/\/rna.ao\/rna.ao\/2021\/03\/02\/presidente-joao-lourenco-propoe-revisao-pontual-da-constituicao-da-republica\/","title":{"rendered":"Presidente Jo\u00e3o Louren\u00e7o prop\u00f5e revis\u00e3o pontual da Constitui\u00e7\u00e3o da Rep\u00fablica"},"content":{"rendered":"<p><img loading=\"lazy\" class=\"size-full wp-image-11145 alignleft\" src=\"https:\/\/rna.ao\/rna.ao\/wp-content\/uploads\/2020\/11\/JLO-JLO-JLO-4.jpg\" alt=\"\" width=\"308\" height=\"205\" \/>O Presidente da Rep\u00fablica, Jo\u00e3o Louren\u00e7o, anunciou esta ter\u00e7a-feira, 02 de Mar\u00e7o, a Proposta da Revis\u00e3o pontual da Constitui\u00e7\u00e3o da Rep\u00fablica.<\/p>\n<p>Jo\u00e3o Louren\u00e7o falava na abertura da reuni\u00e3o do Conselho de Ministros, que decorre no Pal\u00e1cio Presidencial da Cidade Alta, na capital Luanda.<\/p>\n<p>O Chefe de Estado angolano pronunciou-se, tamb\u00e9m, sobre a rebeli\u00e3o armada de Cafunfo, e a vandaliza\u00e7\u00e3o dos bens p\u00fablicos. Clique no \u00e1udio e ou\u00e7a na \u00edntegra:<\/p>\n\t<div class=\"qtmplayer-playlist-large\">\n\t\t<ul class=\"qtmplayer-playlist\">\n\t\t\t\n\t\t\t\t\t<li class=\"qtmplayer-trackitem\">\n\t\t<img src=\"https:\/\/rna.ao\/rna.ao\/wp-content\/uploads\/2020\/11\/JLO-JLO-JLO-4-100x100.jpg\" alt=\"cover\">\t\t<span \t\t\tdata-qtmplayer-cover=\"https:\/\/rna.ao\/rna.ao\/wp-content\/uploads\/2020\/11\/JLO-JLO-JLO-4.jpg\"\n\t\t\t\t\t\tdata-qtmplayer-file=\"https:\/\/rna.ao\/rna.ao\/wp-content\/uploads\/2021\/03\/DISCURSO-DO-PR-BOM-02-03-2021.mp3\"\n\t\t\t\t\t\tdata-qtmplayer-title=\"Presidente Jo\u00e3o Louren\u00e7o prop\u00f5e revis\u00e3o pontual da Constitui\u00e7\u00e3o da Rep\u00fablica\"\n\t\t\t\t\t\tdata-qtmplayer-artist=\"RNA\"\n\t\t\t\t\t\tdata-qtmplayer-link=\"https:\/\/rna.ao\/rna.ao\/2021\/03\/02\/presidente-joao-lourenco-propoe-revisao-pontual-da-constituicao-da-republica\/\"\n\t\t\t\t\t\tdata-qtmplayer-icon=\"file_download\"\n\t\t\t\t\t\tdata-qtmplayer-type=\"track\"\n\t\t\t class=\"qtmplayer-play qtmplayer-link-sec qtmplayer-play-btn\"><i class='material-icons'>play_arrow<\/i><\/span>\n\t\t<p>\n\t\t\t<span class=\"qtmplayer-tit\">Presidente Jo\u00e3o Louren\u00e7o prop\u00f5e revis\u00e3o pontual da Constitui\u00e7\u00e3o da Rep\u00fablica<\/span>\n\t\t\t<span class=\"qtmplayer-art\">RNA<\/span>\n\t\t<\/p>\n\t<\/li>\n\t\t<\/ul>\n\t<\/div>\t\t\t\n\t\n<p>Fonte: RNA<\/p>\n","protected":false},"excerpt":{"rendered":"<p>O Presidente da Rep\u00fablica, Jo\u00e3o Louren\u00e7o, anunciou esta ter\u00e7a-feira, 02 de Mar\u00e7o, a Proposta da Revis\u00e3o pontual da Constitui\u00e7\u00e3o da Rep\u00fablica. Jo\u00e3o Louren\u00e7o falava na abertura da reuni\u00e3o do Conselho de Ministros, que decorre no Pal\u00e1cio Presidencial da Cidade Alta, na capital Luanda. O Chefe de Estado angolano pronunciou-se, tamb\u00e9m, ...<\/p>\n","protected":false},"author":8,"featured_media":11145,"comment_status":"closed","ping_status":"closed","sticky":false,"template":"","format":"standard","meta":[],"categories":[142,163],"tags":[],"_links":{"self":[{"href":"https:\/\/rna.ao\/rna.ao\/wp-json\/wp\/v2\/posts\/18547"}],"collection":[{"href":"https:\/\/rna.ao\/rna.ao\/wp-json\/wp\/v2\/posts"}],"about":[{"href":"https:\/\/rna.ao\/rna.ao\/wp-json\/wp\/v2\/types\/post"}],"author":[{"embeddable":true,"href":"https:\/\/rna.ao\/rna.ao\/wp-json\/wp\/v2\/users\/8"}],"replies":[{"embeddable":true,"href":"https:\/\/rna.ao\/rna.ao\/wp-json\/wp\/v2\/comments?post=18547"}],"version-history":[{"count":1,"href":"https:\/\/rna.ao\/rna.ao\/wp-json\/wp\/v2\/posts\/18547\/revisions"}],"predecessor-version":[{"id":18549,"href":"https:\/\/rna.ao\/rna.ao\/wp-json\/wp\/v2\/posts\/18547\/revisions\/18549"}],"wp:featuredmedia":[{"embeddable":true,"href":"https:\/\/rna.ao\/rna.ao\/wp-json\/wp\/v2\/media\/11145"}],"wp:attachment":[{"href":"https:\/\/rna.ao\/rna.ao\/wp-json\/wp\/v2\/media?parent=18547"}],"wp:term":[{"taxonomy":"category","embeddable":true,"href":"https:\/\/rna.ao\/rna.ao\/wp-json\/wp\/v2\/categories?post=18547"},{"taxonomy":"post_tag","embeddable":true,"href":"https:\/\/rna.ao\/rna.ao\/wp-json\/wp\/v2\/tags?post=18547"}],"curies":[{"name":"wp","href":"https:\/\/api.w.org\/{rel}","templated":true}]}}