{"id":18533,"date":"2021-03-01T21:45:16","date_gmt":"2021-03-01T20:45:16","guid":{"rendered":"https:\/\/rna.ao\/rna.ao\/?p=18533"},"modified":"2021-03-01T21:45:16","modified_gmt":"2021-03-01T20:45:16","slug":"especialistas-acreditam-que-exploracao-de-petroleo-em-areas-ambientais-nao-terao-impacto-negativo","status":"publish","type":"post","link":"https:\/\/rna.ao\/rna.ao\/2021\/03\/01\/especialistas-acreditam-que-exploracao-de-petroleo-em-areas-ambientais-nao-terao-impacto-negativo\/","title":{"rendered":"Especialistas acreditam que explora\u00e7\u00e3o de petr\u00f3leo em \u00e1reas ambientais n\u00e3o ter\u00e3o impacto negativo"},"content":{"rendered":"<p><img loading=\"lazy\" class=\"size-full wp-image-18535 alignleft\" src=\"https:\/\/rna.ao\/rna.ao\/wp-content\/uploads\/2021\/03\/Conservacao-Ambiental.jpg\" alt=\"\" width=\"248\" height=\"165\" \/>Especialistas s\u00e3o un\u00e2nimes em dizer que a explora\u00e7\u00e3o de petr\u00f3leo, em \u00e1reas de conserva\u00e7\u00e3o ambiental, n\u00e3o ter\u00e1 impacto negativo para os habitantes locais.<\/p>\n<p>A ideia foi defendida esta segunda-feira, 01 de Mar\u00e7o, no Programa R\u00e1dio Jornal, da RNA, que debateu sobre as \u00e1reas de conserva\u00e7\u00e3o ambiental. Ou\u00e7a, abaixo, o resumo deste debate com a Jornalista Teresa Bai\u00e3o:<\/p>\n\t<div class=\"qtmplayer-playlist-large\">\n\t\t<ul class=\"qtmplayer-playlist\">\n\t\t\t\n\t\t\t\t\t<li class=\"qtmplayer-trackitem\">\n\t\t<img src=\"https:\/\/rna.ao\/rna.ao\/wp-content\/uploads\/2021\/03\/Conservacao-Ambiental-100x100.jpg\" alt=\"cover\">\t\t<span \t\t\tdata-qtmplayer-cover=\"https:\/\/rna.ao\/rna.ao\/wp-content\/uploads\/2021\/03\/Conservacao-Ambiental.jpg\"\n\t\t\t\t\t\tdata-qtmplayer-file=\"https:\/\/rna.ao\/rna.ao\/wp-content\/uploads\/2021\/03\/TERESA-BAIO-20H.mp3\"\n\t\t\t\t\t\tdata-qtmplayer-title=\"Especialistas acreditam que explora\u00e7\u00e3o de petr\u00f3leo em \u00e1reas ambientais n\u00e3o ter\u00e3o impacto negativo\"\n\t\t\t\t\t\tdata-qtmplayer-artist=\"RNA\"\n\t\t\t\t\t\tdata-qtmplayer-link=\"https:\/\/rna.ao\/rna.ao\/2021\/03\/01\/especialistas-acreditam-que-exploracao-de-petroleo-em-areas-ambientais-nao-terao-impacto-negativo\/\"\n\t\t\t\t\t\tdata-qtmplayer-icon=\"file_download\"\n\t\t\t\t\t\tdata-qtmplayer-type=\"track\"\n\t\t\t class=\"qtmplayer-play qtmplayer-link-sec qtmplayer-play-btn\"><i class='material-icons'>play_arrow<\/i><\/span>\n\t\t<p>\n\t\t\t<span class=\"qtmplayer-tit\">Especialistas acreditam que explora\u00e7\u00e3o de petr\u00f3leo em \u00e1reas ambientais n\u00e3o ter\u00e3o impacto negativo<\/span>\n\t\t\t<span class=\"qtmplayer-art\">RNA<\/span>\n\t\t<\/p>\n\t<\/li>\n\t\t<\/ul>\n\t<\/div>\t\t\t\n\t\n<p>Fonte: RNA<\/p>\n","protected":false},"excerpt":{"rendered":"<p>Especialistas s\u00e3o un\u00e2nimes em dizer que a explora\u00e7\u00e3o de petr\u00f3leo, em \u00e1reas de conserva\u00e7\u00e3o ambiental, n\u00e3o ter\u00e1 impacto negativo para os habitantes locais. A ideia foi defendida esta segunda-feira, 01 de Mar\u00e7o, no Programa R\u00e1dio Jornal, da RNA, que debateu sobre as \u00e1reas de conserva\u00e7\u00e3o ambiental. Ou\u00e7a, abaixo, o resumo ...<\/p>\n","protected":false},"author":8,"featured_media":18535,"comment_status":"closed","ping_status":"closed","sticky":false,"template":"","format":"standard","meta":[],"categories":[137,163],"tags":[],"_links":{"self":[{"href":"https:\/\/rna.ao\/rna.ao\/wp-json\/wp\/v2\/posts\/18533"}],"collection":[{"href":"https:\/\/rna.ao\/rna.ao\/wp-json\/wp\/v2\/posts"}],"about":[{"href":"https:\/\/rna.ao\/rna.ao\/wp-json\/wp\/v2\/types\/post"}],"author":[{"embeddable":true,"href":"https:\/\/rna.ao\/rna.ao\/wp-json\/wp\/v2\/users\/8"}],"replies":[{"embeddable":true,"href":"https:\/\/rna.ao\/rna.ao\/wp-json\/wp\/v2\/comments?post=18533"}],"version-history":[{"count":1,"href":"https:\/\/rna.ao\/rna.ao\/wp-json\/wp\/v2\/posts\/18533\/revisions"}],"predecessor-version":[{"id":18536,"href":"https:\/\/rna.ao\/rna.ao\/wp-json\/wp\/v2\/posts\/18533\/revisions\/18536"}],"wp:featuredmedia":[{"embeddable":true,"href":"https:\/\/rna.ao\/rna.ao\/wp-json\/wp\/v2\/media\/18535"}],"wp:attachment":[{"href":"https:\/\/rna.ao\/rna.ao\/wp-json\/wp\/v2\/media?parent=18533"}],"wp:term":[{"taxonomy":"category","embeddable":true,"href":"https:\/\/rna.ao\/rna.ao\/wp-json\/wp\/v2\/categories?post=18533"},{"taxonomy":"post_tag","embeddable":true,"href":"https:\/\/rna.ao\/rna.ao\/wp-json\/wp\/v2\/tags?post=18533"}],"curies":[{"name":"wp","href":"https:\/\/api.w.org\/{rel}","templated":true}]}}