{"id":18522,"date":"2021-03-01T21:17:58","date_gmt":"2021-03-01T20:17:58","guid":{"rendered":"https:\/\/rna.ao\/rna.ao\/?p=18522"},"modified":"2021-03-01T21:17:58","modified_gmt":"2021-03-01T20:17:58","slug":"executivo-pretende-institucionalizar-merenda-escolar-no-ensino-primario-publico-e-publico-privado","status":"publish","type":"post","link":"https:\/\/rna.ao\/rna.ao\/2021\/03\/01\/executivo-pretende-institucionalizar-merenda-escolar-no-ensino-primario-publico-e-publico-privado\/","title":{"rendered":"Executivo pretende institucionalizar merenda escolar no ensino prim\u00e1rio p\u00fablico e p\u00fablico-privado"},"content":{"rendered":"<p><img loading=\"lazy\" class=\" wp-image-7036 alignleft\" src=\"https:\/\/rna.ao\/rna.ao\/wp-content\/uploads\/2020\/10\/luisa_grilo-A1.jpg\" alt=\"\" width=\"180\" height=\"133\" \/>O executivo angolano pretende que a merenda escolar chegue em todas as institui\u00e7\u00f5es de ensino, abrangendo at\u00e9 o sector privado.<\/p>\n<p>De acordo com a Ministra da Educa\u00e7\u00e3o, Lu\u00edsa Grilo, a medida consta de uma directiva do executivo. Ou\u00e7a, abaixo, com mais desenvolvimento na reportagem com Polaco Pedro:<\/p>\n\t<div class=\"qtmplayer-playlist-large\">\n\t\t<ul class=\"qtmplayer-playlist\">\n\t\t\t\n\t\t\t\t\t<li class=\"qtmplayer-trackitem\">\n\t\t<img src=\"https:\/\/rna.ao\/rna.ao\/wp-content\/uploads\/2020\/10\/luisa_grilo-A1-100x100.jpg\" alt=\"cover\">\t\t<span \t\t\tdata-qtmplayer-cover=\"https:\/\/rna.ao\/rna.ao\/wp-content\/uploads\/2020\/10\/luisa_grilo-A1.jpg\"\n\t\t\t\t\t\tdata-qtmplayer-file=\"https:\/\/rna.ao\/rna.ao\/wp-content\/uploads\/2021\/03\/POLACO-PEDRO-20H.mp3\"\n\t\t\t\t\t\tdata-qtmplayer-title=\"Executivo pretende institucionalizar merenda escolar no ensino prim\u00e1rio p\u00fablico e p\u00fablico-privado\"\n\t\t\t\t\t\tdata-qtmplayer-artist=\"RNA\"\n\t\t\t\t\t\tdata-qtmplayer-link=\"https:\/\/rna.ao\/rna.ao\/2021\/03\/01\/executivo-pretende-institucionalizar-merenda-escolar-no-ensino-primario-publico-e-publico-privado\/\"\n\t\t\t\t\t\tdata-qtmplayer-icon=\"file_download\"\n\t\t\t\t\t\tdata-qtmplayer-type=\"track\"\n\t\t\t class=\"qtmplayer-play qtmplayer-link-sec qtmplayer-play-btn\"><i class='material-icons'>play_arrow<\/i><\/span>\n\t\t<p>\n\t\t\t<span class=\"qtmplayer-tit\">Executivo pretende institucionalizar merenda escolar no ensino prim\u00e1rio p\u00fablico e p\u00fablico-privado<\/span>\n\t\t\t<span class=\"qtmplayer-art\">RNA<\/span>\n\t\t<\/p>\n\t<\/li>\n\t\t<\/ul>\n\t<\/div>\t\t\t\n\t\n<p>Fonte: RNA<\/p>\n","protected":false},"excerpt":{"rendered":"<p>O executivo angolano pretende que a merenda escolar chegue em todas as institui\u00e7\u00f5es de ensino, abrangendo at\u00e9 o sector privado. De acordo com a Ministra da Educa\u00e7\u00e3o, Lu\u00edsa Grilo, a medida consta de uma directiva do executivo. Ou\u00e7a, abaixo, com mais desenvolvimento na reportagem com Polaco Pedro: Fonte: RNA<\/p>\n","protected":false},"author":8,"featured_media":7036,"comment_status":"closed","ping_status":"closed","sticky":false,"template":"","format":"standard","meta":[],"categories":[121,163],"tags":[],"_links":{"self":[{"href":"https:\/\/rna.ao\/rna.ao\/wp-json\/wp\/v2\/posts\/18522"}],"collection":[{"href":"https:\/\/rna.ao\/rna.ao\/wp-json\/wp\/v2\/posts"}],"about":[{"href":"https:\/\/rna.ao\/rna.ao\/wp-json\/wp\/v2\/types\/post"}],"author":[{"embeddable":true,"href":"https:\/\/rna.ao\/rna.ao\/wp-json\/wp\/v2\/users\/8"}],"replies":[{"embeddable":true,"href":"https:\/\/rna.ao\/rna.ao\/wp-json\/wp\/v2\/comments?post=18522"}],"version-history":[{"count":1,"href":"https:\/\/rna.ao\/rna.ao\/wp-json\/wp\/v2\/posts\/18522\/revisions"}],"predecessor-version":[{"id":18526,"href":"https:\/\/rna.ao\/rna.ao\/wp-json\/wp\/v2\/posts\/18522\/revisions\/18526"}],"wp:featuredmedia":[{"embeddable":true,"href":"https:\/\/rna.ao\/rna.ao\/wp-json\/wp\/v2\/media\/7036"}],"wp:attachment":[{"href":"https:\/\/rna.ao\/rna.ao\/wp-json\/wp\/v2\/media?parent=18522"}],"wp:term":[{"taxonomy":"category","embeddable":true,"href":"https:\/\/rna.ao\/rna.ao\/wp-json\/wp\/v2\/categories?post=18522"},{"taxonomy":"post_tag","embeddable":true,"href":"https:\/\/rna.ao\/rna.ao\/wp-json\/wp\/v2\/tags?post=18522"}],"curies":[{"name":"wp","href":"https:\/\/api.w.org\/{rel}","templated":true}]}}