{"id":18513,"date":"2021-03-01T21:27:57","date_gmt":"2021-03-01T20:27:57","guid":{"rendered":"https:\/\/rna.ao\/rna.ao\/?p=18513"},"modified":"2021-03-01T21:27:57","modified_gmt":"2021-03-01T20:27:57","slug":"tribunal-condena-reus-que-assassinaram-funcionaria-da-rna-com-penas-de-16-a-20-anos-de-prisao","status":"publish","type":"post","link":"https:\/\/rna.ao\/rna.ao\/2021\/03\/01\/tribunal-condena-reus-que-assassinaram-funcionaria-da-rna-com-penas-de-16-a-20-anos-de-prisao\/","title":{"rendered":"Tribunal condena r\u00e9us que assassinaram funcion\u00e1ria da RNA com penas de 16 a 20 anos de pris\u00e3o"},"content":{"rendered":"<p><img loading=\"lazy\" class=\"size-full wp-image-18528 alignleft\" src=\"https:\/\/rna.ao\/rna.ao\/wp-content\/uploads\/2021\/03\/Martelo-Tribunal.jpg\" alt=\"\" width=\"240\" height=\"135\" \/>Os r\u00e9us que cometeram o homic\u00eddio da funcion\u00e1ria da R\u00e1dio Nacional de Angola, Alice N\u00e1dia Neto Marcelino, v\u00e3o passar de 16 a 20 anos de pris\u00e3o.<\/p>\n<p>Os r\u00e9us foram\u00a0 condenados pelos crimes de homic\u00eddio, associa\u00e7\u00e3o criminosa, roubo qualificado, posse ilegal de arma de fogo. Ou\u00e7a, abaixo, toda informa\u00e7\u00e3o com o jornalista Liberato Furtado que acompanhou o caso no Tribunal:<\/p>\n\t<div class=\"qtmplayer-playlist-large\">\n\t\t<ul class=\"qtmplayer-playlist\">\n\t\t\t\n\t\t\t\t\t<li class=\"qtmplayer-trackitem\">\n\t\t<img src=\"https:\/\/rna.ao\/rna.ao\/wp-content\/uploads\/2021\/03\/Martelo-Tribunal-100x100.jpg\" alt=\"cover\">\t\t<span \t\t\tdata-qtmplayer-cover=\"https:\/\/rna.ao\/rna.ao\/wp-content\/uploads\/2021\/03\/Martelo-Tribunal.jpg\"\n\t\t\t\t\t\tdata-qtmplayer-file=\"https:\/\/rna.ao\/rna.ao\/wp-content\/uploads\/2021\/03\/LIBERATO-FURTADO-20HS.mp3\"\n\t\t\t\t\t\tdata-qtmplayer-title=\"Tribunal condena r\u00e9us que assassinaram funcion\u00e1ria da RNA com penas de 16 a 20 anos de pris\u00e3o\"\n\t\t\t\t\t\tdata-qtmplayer-artist=\"RNA\"\n\t\t\t\t\t\tdata-qtmplayer-link=\"https:\/\/rna.ao\/rna.ao\/2021\/03\/01\/tribunal-condena-reus-que-assassinaram-funcionaria-da-rna-com-penas-de-16-a-20-anos-de-prisao\/\"\n\t\t\t\t\t\tdata-qtmplayer-icon=\"file_download\"\n\t\t\t\t\t\tdata-qtmplayer-type=\"track\"\n\t\t\t class=\"qtmplayer-play qtmplayer-link-sec qtmplayer-play-btn\"><i class='material-icons'>play_arrow<\/i><\/span>\n\t\t<p>\n\t\t\t<span class=\"qtmplayer-tit\">Tribunal condena r\u00e9us que assassinaram funcion\u00e1ria da RNA com penas de 16 a 20 anos de pris\u00e3o<\/span>\n\t\t\t<span class=\"qtmplayer-art\">RNA<\/span>\n\t\t<\/p>\n\t<\/li>\n\t\t<\/ul>\n\t<\/div>\t\t\t\n\t\n<p>Fonte: RNA<\/p>\n","protected":false},"excerpt":{"rendered":"<p>Os r\u00e9us que cometeram o homic\u00eddio da funcion\u00e1ria da R\u00e1dio Nacional de Angola, Alice N\u00e1dia Neto Marcelino, v\u00e3o passar de 16 a 20 anos de pris\u00e3o. Os r\u00e9us foram\u00a0 condenados pelos crimes de homic\u00eddio, associa\u00e7\u00e3o criminosa, roubo qualificado, posse ilegal de arma de fogo. Ou\u00e7a, abaixo, toda informa\u00e7\u00e3o com o ...<\/p>\n","protected":false},"author":8,"featured_media":18528,"comment_status":"closed","ping_status":"closed","sticky":false,"template":"","format":"standard","meta":[],"categories":[141,133,163],"tags":[],"_links":{"self":[{"href":"https:\/\/rna.ao\/rna.ao\/wp-json\/wp\/v2\/posts\/18513"}],"collection":[{"href":"https:\/\/rna.ao\/rna.ao\/wp-json\/wp\/v2\/posts"}],"about":[{"href":"https:\/\/rna.ao\/rna.ao\/wp-json\/wp\/v2\/types\/post"}],"author":[{"embeddable":true,"href":"https:\/\/rna.ao\/rna.ao\/wp-json\/wp\/v2\/users\/8"}],"replies":[{"embeddable":true,"href":"https:\/\/rna.ao\/rna.ao\/wp-json\/wp\/v2\/comments?post=18513"}],"version-history":[{"count":1,"href":"https:\/\/rna.ao\/rna.ao\/wp-json\/wp\/v2\/posts\/18513\/revisions"}],"predecessor-version":[{"id":18529,"href":"https:\/\/rna.ao\/rna.ao\/wp-json\/wp\/v2\/posts\/18513\/revisions\/18529"}],"wp:featuredmedia":[{"embeddable":true,"href":"https:\/\/rna.ao\/rna.ao\/wp-json\/wp\/v2\/media\/18528"}],"wp:attachment":[{"href":"https:\/\/rna.ao\/rna.ao\/wp-json\/wp\/v2\/media?parent=18513"}],"wp:term":[{"taxonomy":"category","embeddable":true,"href":"https:\/\/rna.ao\/rna.ao\/wp-json\/wp\/v2\/categories?post=18513"},{"taxonomy":"post_tag","embeddable":true,"href":"https:\/\/rna.ao\/rna.ao\/wp-json\/wp\/v2\/tags?post=18513"}],"curies":[{"name":"wp","href":"https:\/\/api.w.org\/{rel}","templated":true}]}}