{"id":18490,"date":"2021-03-01T19:38:44","date_gmt":"2021-03-01T18:38:44","guid":{"rendered":"https:\/\/rna.ao\/rna.ao\/?p=18490"},"modified":"2021-03-01T19:38:44","modified_gmt":"2021-03-01T18:38:44","slug":"le-sommet-de-luanda-sur-la-centrafrique-reporte","status":"publish","type":"post","link":"https:\/\/rna.ao\/rna.ao\/2021\/03\/01\/le-sommet-de-luanda-sur-la-centrafrique-reporte\/","title":{"rendered":"Le sommet de Luanda sur la Centrafrique reporte"},"content":{"rendered":"<p><img loading=\"lazy\" class=\"size-full wp-image-10962 alignleft\" src=\"https:\/\/rna.ao\/rna.ao\/wp-content\/uploads\/2020\/11\/Bandeiras-CIRGL.jpg\" alt=\"\" width=\"308\" height=\"206\" \/>En Centrafrique, les op\u00e9rations de reconqu\u00eate du territoire par l\u2019arm\u00e9e et les alli\u00e9s bilat\u00e9raux se poursuivent. L\u2019arm\u00e9e centrafricaine a repris cette semaine la ville de Bossangoa notamment. Et ce samedi un sommet sous l\u2019\u00e9gide de la CIRGL devait s\u2019ouvrir \u00e0 Luanda mais il est pour la seconde fois repouss\u00e9 sine die.<\/p>\n<p>La Conf\u00e9rence internationale sur la r\u00e9gion des Grands Lacs devait organiser un sommet afin de favoriser la concertation pour mettre un terme aux violences en cours dans le pays depuis la mi-d\u00e9cembre. Mais plusieurs manifestations ont eu lieu dans le centre-ville de Bangui et devant le si\u00e8ge de la CEEAC au cours des derni\u00e8res semaines pour dire non au dialogue avec la r\u00e9bellion.<\/p>\n<p>Et sur le sujet, la pr\u00e9sidence \u00e9tait claire ce vendredi. Si Faustin Archange Touad\u00e9ra se d\u00e9pla\u00e7ait \u00e0 Luanda ce ne serait que pour affirmer sa position : il n\u2019y aura pas de discussions avec ceux qui ne respectent pas les termes de l\u2019accord de paix. Ceux-l\u00e0 \u00ab doivent \u00eatre arr\u00eat\u00e9s et traduits en justice \u00bb, mart\u00e8le le porte-parole de la pr\u00e9sidence.<\/p>\n\t<div class=\"qtmplayer-playlist-large\">\n\t\t<ul class=\"qtmplayer-playlist\">\n\t\t\t\n\t\t\t\t\t<li class=\"qtmplayer-trackitem\">\n\t\t<img src=\"https:\/\/rna.ao\/rna.ao\/wp-content\/uploads\/2020\/11\/Bandeiras-CIRGL-100x100.jpg\" alt=\"cover\">\t\t<span \t\t\tdata-qtmplayer-cover=\"https:\/\/rna.ao\/rna.ao\/wp-content\/uploads\/2020\/11\/Bandeiras-CIRGL.jpg\"\n\t\t\t\t\t\tdata-qtmplayer-file=\"https:\/\/rna.ao\/rna.ao\/wp-content\/uploads\/2021\/03\/LE-SOMMET-DE-LUANDA-REPORTE.mp3\"\n\t\t\t\t\t\tdata-qtmplayer-title=\"Le sommet de Luanda sur la Centrafrique reporte\"\n\t\t\t\t\t\tdata-qtmplayer-artist=\"RNA\"\n\t\t\t\t\t\tdata-qtmplayer-link=\"https:\/\/rna.ao\/rna.ao\/2021\/03\/01\/le-sommet-de-luanda-sur-la-centrafrique-reporte\/\"\n\t\t\t\t\t\tdata-qtmplayer-icon=\"file_download\"\n\t\t\t\t\t\tdata-qtmplayer-type=\"track\"\n\t\t\t class=\"qtmplayer-play qtmplayer-link-sec qtmplayer-play-btn\"><i class='material-icons'>play_arrow<\/i><\/span>\n\t\t<p>\n\t\t\t<span class=\"qtmplayer-tit\">Le sommet de Luanda sur la Centrafrique reporte<\/span>\n\t\t\t<span class=\"qtmplayer-art\">RNA<\/span>\n\t\t<\/p>\n\t<\/li>\n\t\t<\/ul>\n\t<\/div>\t\t\t\n\t\n","protected":false},"excerpt":{"rendered":"<p>En Centrafrique, les op\u00e9rations de reconqu\u00eate du territoire par l\u2019arm\u00e9e et les alli\u00e9s bilat\u00e9raux se poursuivent. L\u2019arm\u00e9e centrafricaine a repris cette semaine la ville de Bossangoa notamment. Et ce samedi un sommet sous l\u2019\u00e9gide de la CIRGL devait s\u2019ouvrir \u00e0 Luanda mais il est pour la seconde fois repouss\u00e9 sine ...<\/p>\n","protected":false},"author":8,"featured_media":10962,"comment_status":"closed","ping_status":"closed","sticky":false,"template":"","format":"standard","meta":[],"categories":[143,137],"tags":[],"_links":{"self":[{"href":"https:\/\/rna.ao\/rna.ao\/wp-json\/wp\/v2\/posts\/18490"}],"collection":[{"href":"https:\/\/rna.ao\/rna.ao\/wp-json\/wp\/v2\/posts"}],"about":[{"href":"https:\/\/rna.ao\/rna.ao\/wp-json\/wp\/v2\/types\/post"}],"author":[{"embeddable":true,"href":"https:\/\/rna.ao\/rna.ao\/wp-json\/wp\/v2\/users\/8"}],"replies":[{"embeddable":true,"href":"https:\/\/rna.ao\/rna.ao\/wp-json\/wp\/v2\/comments?post=18490"}],"version-history":[{"count":1,"href":"https:\/\/rna.ao\/rna.ao\/wp-json\/wp\/v2\/posts\/18490\/revisions"}],"predecessor-version":[{"id":18492,"href":"https:\/\/rna.ao\/rna.ao\/wp-json\/wp\/v2\/posts\/18490\/revisions\/18492"}],"wp:featuredmedia":[{"embeddable":true,"href":"https:\/\/rna.ao\/rna.ao\/wp-json\/wp\/v2\/media\/10962"}],"wp:attachment":[{"href":"https:\/\/rna.ao\/rna.ao\/wp-json\/wp\/v2\/media?parent=18490"}],"wp:term":[{"taxonomy":"category","embeddable":true,"href":"https:\/\/rna.ao\/rna.ao\/wp-json\/wp\/v2\/categories?post=18490"},{"taxonomy":"post_tag","embeddable":true,"href":"https:\/\/rna.ao\/rna.ao\/wp-json\/wp\/v2\/tags?post=18490"}],"curies":[{"name":"wp","href":"https:\/\/api.w.org\/{rel}","templated":true}]}}