{"id":18486,"date":"2021-03-01T19:35:39","date_gmt":"2021-03-01T18:35:39","guid":{"rendered":"https:\/\/rna.ao\/rna.ao\/?p=18486"},"modified":"2021-03-01T19:35:39","modified_gmt":"2021-03-01T18:35:39","slug":"cidadao-somali-diz-sentir-se-bem-em-angola","status":"publish","type":"post","link":"https:\/\/rna.ao\/rna.ao\/2021\/03\/01\/cidadao-somali-diz-sentir-se-bem-em-angola\/","title":{"rendered":"Cidad\u00e3o somali diz sentir-se bem em Angola"},"content":{"rendered":"<p><img loading=\"lazy\" class=\"size-full wp-image-18488 alignleft\" src=\"https:\/\/rna.ao\/rna.ao\/wp-content\/uploads\/2021\/03\/Bandeira-da-Somalia.jpg\" alt=\"\" width=\"220\" height=\"147\" \/>Baba Haly, \u00e9 cidad\u00e3o da Som\u00e1lia residente em Angola h\u00e1 onze anos.<\/p>\n<p>O tamb\u00e9m respons\u00e1vel da comunidade somaliana no pa\u00eds, diz que nunca teve problemas com os angolanos no seu dia a dia.<\/p>\n<p>Acompanhe a conversa descontra\u00edda em mais uma edi\u00e7\u00e3o da rubrica intitulada \u201cComunidades\u201d do canal internacional.<\/p>\n\t<div class=\"qtmplayer-playlist-large\">\n\t\t<ul class=\"qtmplayer-playlist\">\n\t\t\t\n\t\t\t\t\t<li class=\"qtmplayer-trackitem\">\n\t\t<img src=\"https:\/\/rna.ao\/rna.ao\/wp-content\/uploads\/2021\/03\/Bandeira-da-Somalia-100x100.jpg\" alt=\"cover\">\t\t<span \t\t\tdata-qtmplayer-cover=\"https:\/\/rna.ao\/rna.ao\/wp-content\/uploads\/2021\/03\/Bandeira-da-Somalia.jpg\"\n\t\t\t\t\t\tdata-qtmplayer-file=\"https:\/\/rna.ao\/rna.ao\/wp-content\/uploads\/2021\/03\/PECA-ISAAC-RESENDE-BABA-HALY-01.03.2021.mp3\"\n\t\t\t\t\t\tdata-qtmplayer-title=\"Cidad\u00e3o somali diz sentir-se bem em Angola\"\n\t\t\t\t\t\tdata-qtmplayer-artist=\"RNA\"\n\t\t\t\t\t\tdata-qtmplayer-link=\"https:\/\/rna.ao\/rna.ao\/2021\/03\/01\/cidadao-somali-diz-sentir-se-bem-em-angola\/\"\n\t\t\t\t\t\tdata-qtmplayer-icon=\"file_download\"\n\t\t\t\t\t\tdata-qtmplayer-type=\"track\"\n\t\t\t class=\"qtmplayer-play qtmplayer-link-sec qtmplayer-play-btn\"><i class='material-icons'>play_arrow<\/i><\/span>\n\t\t<p>\n\t\t\t<span class=\"qtmplayer-tit\">Cidad\u00e3o somali diz sentir-se bem em Angola<\/span>\n\t\t\t<span class=\"qtmplayer-art\">RNA<\/span>\n\t\t<\/p>\n\t<\/li>\n\t\t<\/ul>\n\t<\/div>\t\t\t\n\t\n","protected":false},"excerpt":{"rendered":"<p>Baba Haly, \u00e9 cidad\u00e3o da Som\u00e1lia residente em Angola h\u00e1 onze anos. O tamb\u00e9m respons\u00e1vel da comunidade somaliana no pa\u00eds, diz que nunca teve problemas com os angolanos no seu dia a dia. Acompanhe a conversa descontra\u00edda em mais uma edi\u00e7\u00e3o da rubrica intitulada \u201cComunidades\u201d do canal internacional.<\/p>\n","protected":false},"author":8,"featured_media":18488,"comment_status":"closed","ping_status":"closed","sticky":false,"template":"","format":"standard","meta":[],"categories":[143,137],"tags":[],"_links":{"self":[{"href":"https:\/\/rna.ao\/rna.ao\/wp-json\/wp\/v2\/posts\/18486"}],"collection":[{"href":"https:\/\/rna.ao\/rna.ao\/wp-json\/wp\/v2\/posts"}],"about":[{"href":"https:\/\/rna.ao\/rna.ao\/wp-json\/wp\/v2\/types\/post"}],"author":[{"embeddable":true,"href":"https:\/\/rna.ao\/rna.ao\/wp-json\/wp\/v2\/users\/8"}],"replies":[{"embeddable":true,"href":"https:\/\/rna.ao\/rna.ao\/wp-json\/wp\/v2\/comments?post=18486"}],"version-history":[{"count":1,"href":"https:\/\/rna.ao\/rna.ao\/wp-json\/wp\/v2\/posts\/18486\/revisions"}],"predecessor-version":[{"id":18489,"href":"https:\/\/rna.ao\/rna.ao\/wp-json\/wp\/v2\/posts\/18486\/revisions\/18489"}],"wp:featuredmedia":[{"embeddable":true,"href":"https:\/\/rna.ao\/rna.ao\/wp-json\/wp\/v2\/media\/18488"}],"wp:attachment":[{"href":"https:\/\/rna.ao\/rna.ao\/wp-json\/wp\/v2\/media?parent=18486"}],"wp:term":[{"taxonomy":"category","embeddable":true,"href":"https:\/\/rna.ao\/rna.ao\/wp-json\/wp\/v2\/categories?post=18486"},{"taxonomy":"post_tag","embeddable":true,"href":"https:\/\/rna.ao\/rna.ao\/wp-json\/wp\/v2\/tags?post=18486"}],"curies":[{"name":"wp","href":"https:\/\/api.w.org\/{rel}","templated":true}]}}