{"id":18445,"date":"2021-03-01T00:07:08","date_gmt":"2021-02-28T23:07:08","guid":{"rendered":"https:\/\/rna.ao\/rna.ao\/?p=18445"},"modified":"2021-03-01T00:41:26","modified_gmt":"2021-02-28T23:41:26","slug":"ambiente-anunciado-plano-para-protecao-da-biodiversidade-nos-9-parque-nacionais","status":"publish","type":"post","link":"https:\/\/rna.ao\/rna.ao\/2021\/03\/01\/ambiente-anunciado-plano-para-protecao-da-biodiversidade-nos-9-parque-nacionais\/","title":{"rendered":"Ambiente: Anunciado plano para prote\u00e7\u00e3o da biodiversidade nos 9 Parque Nacionais"},"content":{"rendered":"<p><img loading=\"lazy\" class=\"size-full wp-image-18447 alignleft\" src=\"https:\/\/rna.ao\/rna.ao\/wp-content\/uploads\/2021\/02\/ALBERTINA-NZUZI.jpg\" alt=\"\" width=\"323\" height=\"216\" \/>O abate de animais nos parques nacionais est\u00e1 a preocupar as autoridades, do pa\u00eds, ligadas ao ambiente e conserva\u00e7\u00e3o de esp\u00e9cies.<\/p>\n<p>O Minist\u00e9rio da Cultura, Turismo e ambiente aponta o combate a ca\u00e7a furtiva como um dos grandes problemas a resolver. Para combater o fen\u00f3meno, nos parque nacionais, a diretora de biodiversidade e \u00e1reas de conserva\u00e7\u00e3o, Albertina Nzuzi, anunciou um plano, para a forma\u00e7\u00e3o de fiscais, que v\u00e3o garantir a prote\u00e7\u00e3o da biodiversidade nos nove parques nacionais. Clique no \u00e1udio e ou\u00e7a:<\/p>\n\t<div class=\"qtmplayer-playlist-large\">\n\t\t<ul class=\"qtmplayer-playlist\">\n\t\t\t\n\t\t\t\t\t<li class=\"qtmplayer-trackitem\">\n\t\t<img src=\"https:\/\/rna.ao\/rna.ao\/wp-content\/uploads\/2021\/02\/ALBERTINA-NZUZI-100x100.jpg\" alt=\"cover\">\t\t<span \t\t\tdata-qtmplayer-cover=\"https:\/\/rna.ao\/rna.ao\/wp-content\/uploads\/2021\/02\/ALBERTINA-NZUZI.jpg\"\n\t\t\t\t\t\tdata-qtmplayer-file=\"https:\/\/rna.ao\/rna.ao\/wp-content\/uploads\/2021\/02\/ALBERTINA-NZUZI-13HRS.mp3\"\n\t\t\t\t\t\tdata-qtmplayer-title=\"Ambiente: Anunciado plano para prote\u00e7\u00e3o da biodiversidade nos 9 Parque Nacionais\"\n\t\t\t\t\t\tdata-qtmplayer-artist=\"RNA\"\n\t\t\t\t\t\tdata-qtmplayer-link=\"https:\/\/rna.ao\/rna.ao\/2021\/03\/01\/ambiente-anunciado-plano-para-protecao-da-biodiversidade-nos-9-parque-nacionais\/\"\n\t\t\t\t\t\tdata-qtmplayer-icon=\"file_download\"\n\t\t\t\t\t\tdata-qtmplayer-type=\"track\"\n\t\t\t class=\"qtmplayer-play qtmplayer-link-sec qtmplayer-play-btn\"><i class='material-icons'>play_arrow<\/i><\/span>\n\t\t<p>\n\t\t\t<span class=\"qtmplayer-tit\">Ambiente: Anunciado plano para prote\u00e7\u00e3o da biodiversidade nos 9 Parque Nacionais<\/span>\n\t\t\t<span class=\"qtmplayer-art\">RNA<\/span>\n\t\t<\/p>\n\t<\/li>\n\t\t<\/ul>\n\t<\/div>\t\t\t\n\t\n<p>Fonte: RNA<\/p>\n","protected":false},"excerpt":{"rendered":"<p>O abate de animais nos parques nacionais est\u00e1 a preocupar as autoridades, do pa\u00eds, ligadas ao ambiente e conserva\u00e7\u00e3o de esp\u00e9cies. O Minist\u00e9rio da Cultura, Turismo e ambiente aponta o combate a ca\u00e7a furtiva como um dos grandes problemas a resolver. Para combater o fen\u00f3meno, nos parque nacionais, a diretora ...<\/p>\n","protected":false},"author":8,"featured_media":18447,"comment_status":"closed","ping_status":"closed","sticky":false,"template":"","format":"standard","meta":[],"categories":[142,163],"tags":[],"_links":{"self":[{"href":"https:\/\/rna.ao\/rna.ao\/wp-json\/wp\/v2\/posts\/18445"}],"collection":[{"href":"https:\/\/rna.ao\/rna.ao\/wp-json\/wp\/v2\/posts"}],"about":[{"href":"https:\/\/rna.ao\/rna.ao\/wp-json\/wp\/v2\/types\/post"}],"author":[{"embeddable":true,"href":"https:\/\/rna.ao\/rna.ao\/wp-json\/wp\/v2\/users\/8"}],"replies":[{"embeddable":true,"href":"https:\/\/rna.ao\/rna.ao\/wp-json\/wp\/v2\/comments?post=18445"}],"version-history":[{"count":2,"href":"https:\/\/rna.ao\/rna.ao\/wp-json\/wp\/v2\/posts\/18445\/revisions"}],"predecessor-version":[{"id":18460,"href":"https:\/\/rna.ao\/rna.ao\/wp-json\/wp\/v2\/posts\/18445\/revisions\/18460"}],"wp:featuredmedia":[{"embeddable":true,"href":"https:\/\/rna.ao\/rna.ao\/wp-json\/wp\/v2\/media\/18447"}],"wp:attachment":[{"href":"https:\/\/rna.ao\/rna.ao\/wp-json\/wp\/v2\/media?parent=18445"}],"wp:term":[{"taxonomy":"category","embeddable":true,"href":"https:\/\/rna.ao\/rna.ao\/wp-json\/wp\/v2\/categories?post=18445"},{"taxonomy":"post_tag","embeddable":true,"href":"https:\/\/rna.ao\/rna.ao\/wp-json\/wp\/v2\/tags?post=18445"}],"curies":[{"name":"wp","href":"https:\/\/api.w.org\/{rel}","templated":true}]}}