{"id":18441,"date":"2021-03-01T00:05:55","date_gmt":"2021-02-28T23:05:55","guid":{"rendered":"https:\/\/rna.ao\/rna.ao\/?p=18441"},"modified":"2021-03-01T00:42:43","modified_gmt":"2021-02-28T23:42:43","slug":"lac-inicia-hoje-serie-de-reportagens-denominada-andar-o-pais-com-profissionais-de-varios-orgaos","status":"publish","type":"post","link":"https:\/\/rna.ao\/rna.ao\/2021\/03\/01\/lac-inicia-hoje-serie-de-reportagens-denominada-andar-o-pais-com-profissionais-de-varios-orgaos\/","title":{"rendered":"LAC inicia hoje s\u00e9rie de reportagens denominada &#8220;Andar o pa\u00eds&#8221; com profissionais de v\u00e1rios \u00f3rg\u00e3os"},"content":{"rendered":"<p><img loading=\"lazy\" class=\"size-full wp-image-18443 alignleft\" src=\"https:\/\/rna.ao\/rna.ao\/wp-content\/uploads\/2021\/02\/Andar-o-Pais-logo.jpg\" alt=\"\" width=\"280\" height=\"161\" \/>A LAC &#8211; Luanda Antena Comercial &#8211; da in\u00edcio esta segunda-feira, 01 de Mar\u00e7o, a uma s\u00e9rie de reportagens, sobre o desenvolvimento da agricultura em oito Prov\u00edncias do pa\u00eds.<\/p>\n<p>&#8220;Andar o Pa\u00eds&#8221;, assim se chama a iniciativa da LAC, que vai contar com a participa\u00e7\u00e3o de jornalistas de v\u00e1rios \u00f3rg\u00e3os de Comunica\u00e7\u00e3o Social. Clique no \u00e1udio, abaixo, e ou\u00e7a toda informa\u00e7\u00e3o na reportagem com Nelson Pedro:<\/p>\n\t<div class=\"qtmplayer-playlist-large\">\n\t\t<ul class=\"qtmplayer-playlist\">\n\t\t\t\n\t\t\t\t\t<li class=\"qtmplayer-trackitem\">\n\t\t<img src=\"https:\/\/rna.ao\/rna.ao\/wp-content\/uploads\/2021\/02\/Andar-o-Pais-logo-100x100.jpg\" alt=\"cover\">\t\t<span \t\t\tdata-qtmplayer-cover=\"https:\/\/rna.ao\/rna.ao\/wp-content\/uploads\/2021\/02\/Andar-o-Pais-logo.jpg\"\n\t\t\t\t\t\tdata-qtmplayer-file=\"https:\/\/rna.ao\/rna.ao\/wp-content\/uploads\/2021\/02\/NELSON-PEDRO-ANDAR-O-PAIS-13HRS.mp3\"\n\t\t\t\t\t\tdata-qtmplayer-title=\"LAC inicia hoje s\u00e9rie de reportagens denominada &#8220;Andar o pa\u00eds&#8221; com profissionais de v\u00e1rios \u00f3rg\u00e3os\"\n\t\t\t\t\t\tdata-qtmplayer-artist=\"RNA\"\n\t\t\t\t\t\tdata-qtmplayer-link=\"https:\/\/rna.ao\/rna.ao\/2021\/03\/01\/lac-inicia-hoje-serie-de-reportagens-denominada-andar-o-pais-com-profissionais-de-varios-orgaos\/\"\n\t\t\t\t\t\tdata-qtmplayer-icon=\"file_download\"\n\t\t\t\t\t\tdata-qtmplayer-type=\"track\"\n\t\t\t class=\"qtmplayer-play qtmplayer-link-sec qtmplayer-play-btn\"><i class='material-icons'>play_arrow<\/i><\/span>\n\t\t<p>\n\t\t\t<span class=\"qtmplayer-tit\">LAC inicia hoje s\u00e9rie de reportagens denominada &#8220;Andar o pa\u00eds&#8221; com profissionais de v\u00e1rios \u00f3rg\u00e3os<\/span>\n\t\t\t<span class=\"qtmplayer-art\">RNA<\/span>\n\t\t<\/p>\n\t<\/li>\n\t\t<\/ul>\n\t<\/div>\t\t\t\n\t\n<p>Fonte: RNA<\/p>\n","protected":false},"excerpt":{"rendered":"<p>A LAC &#8211; Luanda Antena Comercial &#8211; da in\u00edcio esta segunda-feira, 01 de Mar\u00e7o, a uma s\u00e9rie de reportagens, sobre o desenvolvimento da agricultura em oito Prov\u00edncias do pa\u00eds. &#8220;Andar o Pa\u00eds&#8221;, assim se chama a iniciativa da LAC, que vai contar com a participa\u00e7\u00e3o de jornalistas de v\u00e1rios \u00f3rg\u00e3os ...<\/p>\n","protected":false},"author":8,"featured_media":18443,"comment_status":"closed","ping_status":"closed","sticky":false,"template":"","format":"standard","meta":[],"categories":[142,163],"tags":[],"_links":{"self":[{"href":"https:\/\/rna.ao\/rna.ao\/wp-json\/wp\/v2\/posts\/18441"}],"collection":[{"href":"https:\/\/rna.ao\/rna.ao\/wp-json\/wp\/v2\/posts"}],"about":[{"href":"https:\/\/rna.ao\/rna.ao\/wp-json\/wp\/v2\/types\/post"}],"author":[{"embeddable":true,"href":"https:\/\/rna.ao\/rna.ao\/wp-json\/wp\/v2\/users\/8"}],"replies":[{"embeddable":true,"href":"https:\/\/rna.ao\/rna.ao\/wp-json\/wp\/v2\/comments?post=18441"}],"version-history":[{"count":2,"href":"https:\/\/rna.ao\/rna.ao\/wp-json\/wp\/v2\/posts\/18441\/revisions"}],"predecessor-version":[{"id":18461,"href":"https:\/\/rna.ao\/rna.ao\/wp-json\/wp\/v2\/posts\/18441\/revisions\/18461"}],"wp:featuredmedia":[{"embeddable":true,"href":"https:\/\/rna.ao\/rna.ao\/wp-json\/wp\/v2\/media\/18443"}],"wp:attachment":[{"href":"https:\/\/rna.ao\/rna.ao\/wp-json\/wp\/v2\/media?parent=18441"}],"wp:term":[{"taxonomy":"category","embeddable":true,"href":"https:\/\/rna.ao\/rna.ao\/wp-json\/wp\/v2\/categories?post=18441"},{"taxonomy":"post_tag","embeddable":true,"href":"https:\/\/rna.ao\/rna.ao\/wp-json\/wp\/v2\/tags?post=18441"}],"curies":[{"name":"wp","href":"https:\/\/api.w.org\/{rel}","templated":true}]}}