{"id":184402,"date":"2025-07-05T20:41:50","date_gmt":"2025-07-05T19:41:50","guid":{"rendered":"https:\/\/rna.ao\/rna.ao\/?p=184402"},"modified":"2025-07-05T20:41:50","modified_gmt":"2025-07-05T19:41:50","slug":"mpla-assegura-prontidao-dos-seus-quadros-para-o-trabalho-politico-eleitoral-ate-2027","status":"publish","type":"post","link":"https:\/\/rna.ao\/rna.ao\/2025\/07\/05\/mpla-assegura-prontidao-dos-seus-quadros-para-o-trabalho-politico-eleitoral-ate-2027\/","title":{"rendered":"MPLA assegura prontid\u00e3o dos seus quadros para o trabalho pol\u00edtico-eleitoral at\u00e9 2027"},"content":{"rendered":"<p><img loading=\"lazy\" class=\"alignnone size-medium wp-image-184405\" src=\"https:\/\/rna.ao\/rna.ao\/wp-content\/uploads\/2025\/07\/IMG_6082-770x482.jpeg\" alt=\"\" width=\"770\" height=\"482\" srcset=\"https:\/\/rna.ao\/rna.ao\/wp-content\/uploads\/2025\/07\/IMG_6082-770x482.jpeg 770w, https:\/\/rna.ao\/rna.ao\/wp-content\/uploads\/2025\/07\/IMG_6082-1170x733.jpeg 1170w, https:\/\/rna.ao\/rna.ao\/wp-content\/uploads\/2025\/07\/IMG_6082-768x481.jpeg 768w, https:\/\/rna.ao\/rna.ao\/wp-content\/uploads\/2025\/07\/IMG_6082.jpeg 1280w\" sizes=\"(max-width: 770px) 100vw, 770px\" \/>Para o bi\u00e9nio 2026\/2027, a principal tarefa na agenda do MPLA \u00e9, seguramente, a realiza\u00e7\u00e3o do congresso e a participa\u00e7\u00e3o no pleito eleitoral.<\/p>\n<p>A garantia foi dada pela Secretaria para os Quadros do MPLA, que assegura que os quadros do partido dos camaradas est\u00e3o cada vez mais preparados para estas importantes empreitadas.<\/p>\n<p>\u00c2ngela Bragan\u00e7a, que falava em exclusivo \u00e0 RNA, garantiu que, no caso do conclave, ser\u00e3o discutidas quest\u00f5es estruturantes para o futuro do partido. Clique no \u00e1udio e ou\u00e7a:<\/p>\n\t<div class=\"qtmplayer-playlist-large\">\n\t\t<ul class=\"qtmplayer-playlist\">\n\t\t\t\n\t\t\t\t\t<li class=\"qtmplayer-trackitem\">\n\t\t<img src=\"https:\/\/rna.ao\/rna.ao\/wp-content\/uploads\/2025\/07\/IMG_6082-100x100.jpeg\" alt=\"cover\">\t\t<span \t\t\tdata-qtmplayer-cover=\"https:\/\/rna.ao\/rna.ao\/wp-content\/uploads\/2025\/07\/IMG_6082-370x370.jpeg\"\n\t\t\t\t\t\tdata-qtmplayer-file=\"https:\/\/rna.ao\/rna.ao\/wp-content\/uploads\/2025\/07\/ANGELA-BRAGANCA-1-13-HRS.mp3\"\n\t\t\t\t\t\tdata-qtmplayer-title=\"MPLA assegura prontid\u00e3o dos seus quadros para o trabalho pol\u00edtico-eleitoral at\u00e9 2027\"\n\t\t\t\t\t\tdata-qtmplayer-artist=\"Juliana Nunes\"\n\t\t\t\t\t\tdata-qtmplayer-link=\"https:\/\/rna.ao\/rna.ao\/2025\/07\/05\/mpla-assegura-prontidao-dos-seus-quadros-para-o-trabalho-politico-eleitoral-ate-2027\/\"\n\t\t\t\t\t\tdata-qtmplayer-icon=\"file_download\"\n\t\t\t\t\t\tdata-qtmplayer-type=\"track\"\n\t\t\t class=\"qtmplayer-play qtmplayer-link-sec qtmplayer-play-btn\"><i class='material-icons'>play_arrow<\/i><\/span>\n\t\t<p>\n\t\t\t<span class=\"qtmplayer-tit\">MPLA assegura prontid\u00e3o dos seus quadros para o trabalho pol\u00edtico-eleitoral at\u00e9 2027<\/span>\n\t\t\t<span class=\"qtmplayer-art\">Juliana Nunes<\/span>\n\t\t<\/p>\n\t<\/li>\n\t\t<\/ul>\n\t<\/div>\t\t\t\n\t\n<p>Sobre o candidato do MPLA \u00e0 Presid\u00eancia da Rep\u00fablica em 2027, \u00c2ngela Bragan\u00e7a reiterou a posi\u00e7\u00e3o da direc\u00e7\u00e3o do partido, lembrando que o MPLA tem estatutos pr\u00f3prios e que o momento certo para o debate sobre este tema ser\u00e1 definido de acordo com o que prev\u00ea o documento orientador do partido. Clique no \u00e1udio e ou\u00e7a:<\/p>\n\t<div class=\"qtmplayer-playlist-large\">\n\t\t<ul class=\"qtmplayer-playlist\">\n\t\t\t\n\t\t\t\t\t<li class=\"qtmplayer-trackitem\">\n\t\t<img src=\"https:\/\/rna.ao\/rna.ao\/wp-content\/uploads\/2025\/07\/IMG_6082-100x100.jpeg\" alt=\"cover\">\t\t<span \t\t\tdata-qtmplayer-cover=\"https:\/\/rna.ao\/rna.ao\/wp-content\/uploads\/2025\/07\/IMG_6082-370x370.jpeg\"\n\t\t\t\t\t\tdata-qtmplayer-file=\"https:\/\/rna.ao\/rna.ao\/wp-content\/uploads\/2025\/07\/ANGELA-BRAGANCA-2-13-HRS.mp3\"\n\t\t\t\t\t\tdata-qtmplayer-title=\"MPLA assegura prontid\u00e3o dos seus quadros para o trabalho pol\u00edtico-eleitoral at\u00e9 2027\"\n\t\t\t\t\t\tdata-qtmplayer-artist=\"Juliana Nunes\"\n\t\t\t\t\t\tdata-qtmplayer-link=\"https:\/\/rna.ao\/rna.ao\/2025\/07\/05\/mpla-assegura-prontidao-dos-seus-quadros-para-o-trabalho-politico-eleitoral-ate-2027\/\"\n\t\t\t\t\t\tdata-qtmplayer-icon=\"file_download\"\n\t\t\t\t\t\tdata-qtmplayer-type=\"track\"\n\t\t\t class=\"qtmplayer-play qtmplayer-link-sec qtmplayer-play-btn\"><i class='material-icons'>play_arrow<\/i><\/span>\n\t\t<p>\n\t\t\t<span class=\"qtmplayer-tit\">MPLA assegura prontid\u00e3o dos seus quadros para o trabalho pol\u00edtico-eleitoral at\u00e9 2027<\/span>\n\t\t\t<span class=\"qtmplayer-art\">Juliana Nunes<\/span>\n\t\t<\/p>\n\t<\/li>\n\t\t<\/ul>\n\t<\/div>\t\t\t\n\t\n","protected":false},"excerpt":{"rendered":"<p>Para o bi\u00e9nio 2026\/2027, a principal tarefa na agenda do MPLA \u00e9, seguramente, a realiza\u00e7\u00e3o do congresso e a participa\u00e7\u00e3o no pleito eleitoral. A garantia foi dada pela Secretaria para os Quadros do MPLA, que assegura que os quadros do partido dos camaradas est\u00e3o cada vez mais preparados para estas ...<\/p>\n","protected":false},"author":16,"featured_media":184405,"comment_status":"closed","ping_status":"closed","sticky":false,"template":"","format":"standard","meta":[],"categories":[142,121,164,163],"tags":[],"_links":{"self":[{"href":"https:\/\/rna.ao\/rna.ao\/wp-json\/wp\/v2\/posts\/184402"}],"collection":[{"href":"https:\/\/rna.ao\/rna.ao\/wp-json\/wp\/v2\/posts"}],"about":[{"href":"https:\/\/rna.ao\/rna.ao\/wp-json\/wp\/v2\/types\/post"}],"author":[{"embeddable":true,"href":"https:\/\/rna.ao\/rna.ao\/wp-json\/wp\/v2\/users\/16"}],"replies":[{"embeddable":true,"href":"https:\/\/rna.ao\/rna.ao\/wp-json\/wp\/v2\/comments?post=184402"}],"version-history":[{"count":1,"href":"https:\/\/rna.ao\/rna.ao\/wp-json\/wp\/v2\/posts\/184402\/revisions"}],"predecessor-version":[{"id":184406,"href":"https:\/\/rna.ao\/rna.ao\/wp-json\/wp\/v2\/posts\/184402\/revisions\/184406"}],"wp:featuredmedia":[{"embeddable":true,"href":"https:\/\/rna.ao\/rna.ao\/wp-json\/wp\/v2\/media\/184405"}],"wp:attachment":[{"href":"https:\/\/rna.ao\/rna.ao\/wp-json\/wp\/v2\/media?parent=184402"}],"wp:term":[{"taxonomy":"category","embeddable":true,"href":"https:\/\/rna.ao\/rna.ao\/wp-json\/wp\/v2\/categories?post=184402"},{"taxonomy":"post_tag","embeddable":true,"href":"https:\/\/rna.ao\/rna.ao\/wp-json\/wp\/v2\/tags?post=184402"}],"curies":[{"name":"wp","href":"https:\/\/api.w.org\/{rel}","templated":true}]}}