{"id":18437,"date":"2021-03-01T00:03:08","date_gmt":"2021-02-28T23:03:08","guid":{"rendered":"https:\/\/rna.ao\/rna.ao\/?p=18437"},"modified":"2021-03-01T00:36:40","modified_gmt":"2021-02-28T23:36:40","slug":"comandante-geral-reitera-aposta-na-melhoria-na-relacao-cidadao-policia","status":"publish","type":"post","link":"https:\/\/rna.ao\/rna.ao\/2021\/03\/01\/comandante-geral-reitera-aposta-na-melhoria-na-relacao-cidadao-policia\/","title":{"rendered":"Comandante-Geral reitera aposta na melhoria da rela\u00e7\u00e3o cidad\u00e3o-pol\u00edcia"},"content":{"rendered":"<p><img loading=\"lazy\" class=\"size-full wp-image-13838 alignleft\" src=\"https:\/\/rna.ao\/rna.ao\/wp-content\/uploads\/2020\/12\/Paulo-de-Almeida.jpg\" alt=\"\" width=\"275\" height=\"183\" \/>O Comandante-geral da Pol\u00edcia Nacional, comiss\u00e1rio-geral Paulo de Almeida, reconhece existir, ainda, um d\u00e9fice de cobertura, no que toca a ordem p\u00fablica no pa\u00eds.<\/p>\n<p>Paulo de Almeida, que falava durante os festejos dos 45 anos da corpora\u00e7\u00e3o, defendeu o alargamento do trabalho de proximidade, da pol\u00edcia, e a participa\u00e7\u00e3o da popula\u00e7\u00e3o no sistema de seguran\u00e7a. Uma das solu\u00e7\u00f5es apontadas pelo comiss\u00e1rio-geral da Pol\u00edcia Nacional, \u00e9 o programa &#8220;Nossa Esquadra&#8221; que j\u00e1 est\u00e1 a ser implementado. Clique no \u00e1udio e ou\u00e7a:<\/p>\n\t<div class=\"qtmplayer-playlist-large\">\n\t\t<ul class=\"qtmplayer-playlist\">\n\t\t\t\n\t\t\t\t\t<li class=\"qtmplayer-trackitem\">\n\t\t<img src=\"https:\/\/rna.ao\/rna.ao\/wp-content\/uploads\/2020\/12\/Paulo-de-Almeida-100x100.jpg\" alt=\"cover\">\t\t<span \t\t\tdata-qtmplayer-cover=\"https:\/\/rna.ao\/rna.ao\/wp-content\/uploads\/2020\/12\/Paulo-de-Almeida.jpg\"\n\t\t\t\t\t\tdata-qtmplayer-file=\"https:\/\/rna.ao\/rna.ao\/wp-content\/uploads\/2021\/02\/PAULO-DE-ALMEIDA-1-13HRS.mp3\"\n\t\t\t\t\t\tdata-qtmplayer-title=\"Comandante-Geral reitera aposta na melhoria da rela\u00e7\u00e3o cidad\u00e3o-pol\u00edcia\"\n\t\t\t\t\t\tdata-qtmplayer-artist=\"RNA\"\n\t\t\t\t\t\tdata-qtmplayer-link=\"https:\/\/rna.ao\/rna.ao\/2021\/03\/01\/comandante-geral-reitera-aposta-na-melhoria-na-relacao-cidadao-policia\/\"\n\t\t\t\t\t\tdata-qtmplayer-icon=\"file_download\"\n\t\t\t\t\t\tdata-qtmplayer-type=\"track\"\n\t\t\t class=\"qtmplayer-play qtmplayer-link-sec qtmplayer-play-btn\"><i class='material-icons'>play_arrow<\/i><\/span>\n\t\t<p>\n\t\t\t<span class=\"qtmplayer-tit\">Comandante-Geral reitera aposta na melhoria da rela\u00e7\u00e3o cidad\u00e3o-pol\u00edcia<\/span>\n\t\t\t<span class=\"qtmplayer-art\">RNA<\/span>\n\t\t<\/p>\n\t<\/li>\n\t\t<\/ul>\n\t<\/div>\t\t\t\n\t\n<p>O Comandante Paulo de Almeida defende, tamb\u00e9m, uma melhoria na rela\u00e7\u00e3o cidad\u00e3o-pol\u00edcia, que passa, segundo ele, por um aturado trabalho de base junto dos agentes. Clique no \u00e1udio e ou\u00e7a:<\/p>\n\t<div class=\"qtmplayer-playlist-large\">\n\t\t<ul class=\"qtmplayer-playlist\">\n\t\t\t\n\t\t\t\t\t<li class=\"qtmplayer-trackitem\">\n\t\t<img src=\"https:\/\/rna.ao\/rna.ao\/wp-content\/uploads\/2020\/12\/Paulo-de-Almeida-100x100.jpg\" alt=\"cover\">\t\t<span \t\t\tdata-qtmplayer-cover=\"https:\/\/rna.ao\/rna.ao\/wp-content\/uploads\/2020\/12\/Paulo-de-Almeida.jpg\"\n\t\t\t\t\t\tdata-qtmplayer-file=\"https:\/\/rna.ao\/rna.ao\/wp-content\/uploads\/2021\/02\/PAULO-DE-ALMEIDA-2-13HRS.mp3\"\n\t\t\t\t\t\tdata-qtmplayer-title=\"Comandante-Geral reitera aposta na melhoria da rela\u00e7\u00e3o cidad\u00e3o-pol\u00edcia\"\n\t\t\t\t\t\tdata-qtmplayer-artist=\"RNA\"\n\t\t\t\t\t\tdata-qtmplayer-link=\"https:\/\/rna.ao\/rna.ao\/2021\/03\/01\/comandante-geral-reitera-aposta-na-melhoria-na-relacao-cidadao-policia\/\"\n\t\t\t\t\t\tdata-qtmplayer-icon=\"file_download\"\n\t\t\t\t\t\tdata-qtmplayer-type=\"track\"\n\t\t\t class=\"qtmplayer-play qtmplayer-link-sec qtmplayer-play-btn\"><i class='material-icons'>play_arrow<\/i><\/span>\n\t\t<p>\n\t\t\t<span class=\"qtmplayer-tit\">Comandante-Geral reitera aposta na melhoria da rela\u00e7\u00e3o cidad\u00e3o-pol\u00edcia<\/span>\n\t\t\t<span class=\"qtmplayer-art\">RNA<\/span>\n\t\t<\/p>\n\t<\/li>\n\t\t<\/ul>\n\t<\/div>\t\t\t\n\t\n<p>Fonte: RNA<\/p>\n","protected":false},"excerpt":{"rendered":"<p>O Comandante-geral da Pol\u00edcia Nacional, comiss\u00e1rio-geral Paulo de Almeida, reconhece existir, ainda, um d\u00e9fice de cobertura, no que toca a ordem p\u00fablica no pa\u00eds. Paulo de Almeida, que falava durante os festejos dos 45 anos da corpora\u00e7\u00e3o, defendeu o alargamento do trabalho de proximidade, da pol\u00edcia, e a participa\u00e7\u00e3o da ...<\/p>\n","protected":false},"author":8,"featured_media":13838,"comment_status":"closed","ping_status":"closed","sticky":false,"template":"","format":"standard","meta":[],"categories":[142,163],"tags":[],"_links":{"self":[{"href":"https:\/\/rna.ao\/rna.ao\/wp-json\/wp\/v2\/posts\/18437"}],"collection":[{"href":"https:\/\/rna.ao\/rna.ao\/wp-json\/wp\/v2\/posts"}],"about":[{"href":"https:\/\/rna.ao\/rna.ao\/wp-json\/wp\/v2\/types\/post"}],"author":[{"embeddable":true,"href":"https:\/\/rna.ao\/rna.ao\/wp-json\/wp\/v2\/users\/8"}],"replies":[{"embeddable":true,"href":"https:\/\/rna.ao\/rna.ao\/wp-json\/wp\/v2\/comments?post=18437"}],"version-history":[{"count":4,"href":"https:\/\/rna.ao\/rna.ao\/wp-json\/wp\/v2\/posts\/18437\/revisions"}],"predecessor-version":[{"id":18458,"href":"https:\/\/rna.ao\/rna.ao\/wp-json\/wp\/v2\/posts\/18437\/revisions\/18458"}],"wp:featuredmedia":[{"embeddable":true,"href":"https:\/\/rna.ao\/rna.ao\/wp-json\/wp\/v2\/media\/13838"}],"wp:attachment":[{"href":"https:\/\/rna.ao\/rna.ao\/wp-json\/wp\/v2\/media?parent=18437"}],"wp:term":[{"taxonomy":"category","embeddable":true,"href":"https:\/\/rna.ao\/rna.ao\/wp-json\/wp\/v2\/categories?post=18437"},{"taxonomy":"post_tag","embeddable":true,"href":"https:\/\/rna.ao\/rna.ao\/wp-json\/wp\/v2\/tags?post=18437"}],"curies":[{"name":"wp","href":"https:\/\/api.w.org\/{rel}","templated":true}]}}