{"id":184368,"date":"2025-07-05T09:51:25","date_gmt":"2025-07-05T08:51:25","guid":{"rendered":"https:\/\/rna.ao\/rna.ao\/?p=184368"},"modified":"2025-07-05T09:55:30","modified_gmt":"2025-07-05T08:55:30","slug":"ministro-tete-antonio-ja-no-brasil-para-participar-a-partir-de-amanha-na-17-a-cimeira-de-lideres-dos-brics","status":"publish","type":"post","link":"https:\/\/rna.ao\/rna.ao\/2025\/07\/05\/ministro-tete-antonio-ja-no-brasil-para-participar-a-partir-de-amanha-na-17-a-cimeira-de-lideres-dos-brics\/","title":{"rendered":"Ministro T\u00e9te Ant\u00f3nio j\u00e1 no Brasil para participar a partir deste domingo na 17.\u00aa Cimeira de L\u00edderes dos BRICS"},"content":{"rendered":"<p><img loading=\"lazy\" class=\"alignnone size-medium wp-image-184369\" src=\"https:\/\/rna.ao\/rna.ao\/wp-content\/uploads\/2025\/07\/IMG_6027-770x578.jpeg\" alt=\"\" width=\"770\" height=\"578\" srcset=\"https:\/\/rna.ao\/rna.ao\/wp-content\/uploads\/2025\/07\/IMG_6027-770x578.jpeg 770w, https:\/\/rna.ao\/rna.ao\/wp-content\/uploads\/2025\/07\/IMG_6027-1170x878.jpeg 1170w, https:\/\/rna.ao\/rna.ao\/wp-content\/uploads\/2025\/07\/IMG_6027-768x576.jpeg 768w, https:\/\/rna.ao\/rna.ao\/wp-content\/uploads\/2025\/07\/IMG_6027.jpeg 1280w\" sizes=\"(max-width: 770px) 100vw, 770px\" \/>O ministro das Rela\u00e7\u00f5es Exteriores, T\u00e9te Ant\u00f3nio, chegou nesta sexta-feira ao Rio de Janeiro, Rep\u00fablica Federativa do Brasil, para integrar a delega\u00e7\u00e3o angolana que participar\u00e1, entre os dias 6 e 7 de julho, na 17.\u00aa Cimeira de L\u00edderes dos BRICS \u2014 grupo de pa\u00edses emergentes.<\/p>\n<p>O evento reunir\u00e1 Chefes de Estado e de Governo dos pa\u00edses que integram o bloco (Brasil, R\u00fassia, \u00cdndia, China e \u00c1frica do Sul) para discutir temas priorit\u00e1rios de interesse comum, como economia, seguran\u00e7a, meio ambiente, com\u00e9rcio internacional e desenvolvimento sustent\u00e1vel.<\/p>\n<p>O Brasil assumiu, no dia 1 de janeiro de 2025, a presid\u00eancia rotativa do BRICS, adoptando como tema principal: \u201cFortalecendo a Coopera\u00e7\u00e3o do Sul Global para uma Governan\u00e7a Inclusiva e Sustent\u00e1vel\u201d.<\/p>\n<p>Al\u00e9m dos cinco membros fundadores, o grupo passou a incluir, desde 2024, o Egipto, a Eti\u00f3pia, o Ir\u00e3o, os Emirados \u00c1rabes Unidos, a Ar\u00e1bia Saudita e a Indon\u00e9sia.<\/p>\n","protected":false},"excerpt":{"rendered":"<p>O ministro das Rela\u00e7\u00f5es Exteriores, T\u00e9te Ant\u00f3nio, chegou nesta sexta-feira ao Rio de Janeiro, Rep\u00fablica Federativa do Brasil, para integrar a delega\u00e7\u00e3o angolana que participar\u00e1, entre os dias 6 e 7 de julho, na 17.\u00aa Cimeira de L\u00edderes dos BRICS \u2014 grupo de pa\u00edses emergentes. O evento reunir\u00e1 Chefes de ...<\/p>\n","protected":false},"author":16,"featured_media":184370,"comment_status":"closed","ping_status":"closed","sticky":false,"template":"","format":"standard","meta":[],"categories":[142,121,164,163],"tags":[],"_links":{"self":[{"href":"https:\/\/rna.ao\/rna.ao\/wp-json\/wp\/v2\/posts\/184368"}],"collection":[{"href":"https:\/\/rna.ao\/rna.ao\/wp-json\/wp\/v2\/posts"}],"about":[{"href":"https:\/\/rna.ao\/rna.ao\/wp-json\/wp\/v2\/types\/post"}],"author":[{"embeddable":true,"href":"https:\/\/rna.ao\/rna.ao\/wp-json\/wp\/v2\/users\/16"}],"replies":[{"embeddable":true,"href":"https:\/\/rna.ao\/rna.ao\/wp-json\/wp\/v2\/comments?post=184368"}],"version-history":[{"count":3,"href":"https:\/\/rna.ao\/rna.ao\/wp-json\/wp\/v2\/posts\/184368\/revisions"}],"predecessor-version":[{"id":184373,"href":"https:\/\/rna.ao\/rna.ao\/wp-json\/wp\/v2\/posts\/184368\/revisions\/184373"}],"wp:featuredmedia":[{"embeddable":true,"href":"https:\/\/rna.ao\/rna.ao\/wp-json\/wp\/v2\/media\/184370"}],"wp:attachment":[{"href":"https:\/\/rna.ao\/rna.ao\/wp-json\/wp\/v2\/media?parent=184368"}],"wp:term":[{"taxonomy":"category","embeddable":true,"href":"https:\/\/rna.ao\/rna.ao\/wp-json\/wp\/v2\/categories?post=184368"},{"taxonomy":"post_tag","embeddable":true,"href":"https:\/\/rna.ao\/rna.ao\/wp-json\/wp\/v2\/tags?post=184368"}],"curies":[{"name":"wp","href":"https:\/\/api.w.org\/{rel}","templated":true}]}}