{"id":184346,"date":"2025-07-04T23:47:43","date_gmt":"2025-07-04T22:47:43","guid":{"rendered":"https:\/\/rna.ao\/rna.ao\/?p=184346"},"modified":"2025-07-04T23:47:43","modified_gmt":"2025-07-04T22:47:43","slug":"presidente-joao-lourenco-felicita-os-estados-unidos-pelo-249-o-aniversario-de-independencia","status":"publish","type":"post","link":"https:\/\/rna.ao\/rna.ao\/2025\/07\/04\/presidente-joao-lourenco-felicita-os-estados-unidos-pelo-249-o-aniversario-de-independencia\/","title":{"rendered":"Presidente Jo\u00e3o Louren\u00e7o felicita os Estados Unidos pelo 249.\u00ba anivers\u00e1rio de Independ\u00eancia"},"content":{"rendered":"<p><img loading=\"lazy\" class=\"alignnone size-medium wp-image-184347\" src=\"https:\/\/rna.ao\/rna.ao\/wp-content\/uploads\/2025\/07\/IMG_3630-563x770.jpeg\" alt=\"\" width=\"563\" height=\"770\" srcset=\"https:\/\/rna.ao\/rna.ao\/wp-content\/uploads\/2025\/07\/IMG_3630-563x770.jpeg 563w, https:\/\/rna.ao\/rna.ao\/wp-content\/uploads\/2025\/07\/IMG_3630-855x1170.jpeg 855w, https:\/\/rna.ao\/rna.ao\/wp-content\/uploads\/2025\/07\/IMG_3630-768x1051.jpeg 768w, https:\/\/rna.ao\/rna.ao\/wp-content\/uploads\/2025\/07\/IMG_3630-1123x1536.jpeg 1123w, https:\/\/rna.ao\/rna.ao\/wp-content\/uploads\/2025\/07\/IMG_3630.jpeg 1290w\" sizes=\"(max-width: 563px) 100vw, 563px\" \/><br \/>\nO Presidente da Rep\u00fablica, Jo\u00e3o Louren\u00e7o, endere\u00e7ou nesta quinta-feira uma mensagem de felicita\u00e7\u00f5es ao hom\u00f3logo norte-americano, Donald Trump, por ocasi\u00e3o da celebra\u00e7\u00e3o do 249.\u00ba anivers\u00e1rio da Independ\u00eancia dos Estados Unidos da Am\u00e9rica.<\/p>\n<p>Na mensagem, o Chefe de Estado angolano expressa, em nome do Executivo e do povo angolano, os votos de felicidades ao Governo e ao povo dos EUA, exaltando a traject\u00f3ria hist\u00f3rica da na\u00e7\u00e3o norte-americana como refer\u00eancia mundial em desenvolvimento econ\u00f3mico, inova\u00e7\u00e3o cient\u00edfica e dinamismo cultural.<\/p>\n<p>Jo\u00e3o Louren\u00e7o destacou ainda o potencial de coopera\u00e7\u00e3o entre Angola e os Estados Unidos, sublinhando os resultados da recente Cimeira de Neg\u00f3cios do Corporate Council on Africa, realizada em Luanda, como marco importante para o refor\u00e7o das rela\u00e7\u00f5es econ\u00f3micas bilaterais.<\/p>\n<p>\u201cEstou convicto de que os nossos pa\u00edses podem construir parcerias em muitas \u00e1reas de interesse comum\u201d, referiu o Presidente, manifestando o desejo de aprofundar o di\u00e1logo e as oportunidades conjuntas em benef\u00edcio m\u00fatuo.<\/p>\n<p>A mensagem termina com votos de estima e considera\u00e7\u00e3o ao Presidente norte-americano, refor\u00e7ando a disposi\u00e7\u00e3o de Angola em estreitar os la\u00e7os de amizade e coopera\u00e7\u00e3o com os Estados Unidos da Am\u00e9rica.<\/p>\n","protected":false},"excerpt":{"rendered":"<p>O Presidente da Rep\u00fablica, Jo\u00e3o Louren\u00e7o, endere\u00e7ou nesta quinta-feira uma mensagem de felicita\u00e7\u00f5es ao hom\u00f3logo norte-americano, Donald Trump, por ocasi\u00e3o da celebra\u00e7\u00e3o do 249.\u00ba anivers\u00e1rio da Independ\u00eancia dos Estados Unidos da Am\u00e9rica. Na mensagem, o Chefe de Estado angolano expressa, em nome do Executivo e do povo angolano, os votos ...<\/p>\n","protected":false},"author":9,"featured_media":184347,"comment_status":"closed","ping_status":"closed","sticky":false,"template":"","format":"standard","meta":[],"categories":[142,121,163],"tags":[],"_links":{"self":[{"href":"https:\/\/rna.ao\/rna.ao\/wp-json\/wp\/v2\/posts\/184346"}],"collection":[{"href":"https:\/\/rna.ao\/rna.ao\/wp-json\/wp\/v2\/posts"}],"about":[{"href":"https:\/\/rna.ao\/rna.ao\/wp-json\/wp\/v2\/types\/post"}],"author":[{"embeddable":true,"href":"https:\/\/rna.ao\/rna.ao\/wp-json\/wp\/v2\/users\/9"}],"replies":[{"embeddable":true,"href":"https:\/\/rna.ao\/rna.ao\/wp-json\/wp\/v2\/comments?post=184346"}],"version-history":[{"count":1,"href":"https:\/\/rna.ao\/rna.ao\/wp-json\/wp\/v2\/posts\/184346\/revisions"}],"predecessor-version":[{"id":184348,"href":"https:\/\/rna.ao\/rna.ao\/wp-json\/wp\/v2\/posts\/184346\/revisions\/184348"}],"wp:featuredmedia":[{"embeddable":true,"href":"https:\/\/rna.ao\/rna.ao\/wp-json\/wp\/v2\/media\/184347"}],"wp:attachment":[{"href":"https:\/\/rna.ao\/rna.ao\/wp-json\/wp\/v2\/media?parent=184346"}],"wp:term":[{"taxonomy":"category","embeddable":true,"href":"https:\/\/rna.ao\/rna.ao\/wp-json\/wp\/v2\/categories?post=184346"},{"taxonomy":"post_tag","embeddable":true,"href":"https:\/\/rna.ao\/rna.ao\/wp-json\/wp\/v2\/tags?post=184346"}],"curies":[{"name":"wp","href":"https:\/\/api.w.org\/{rel}","templated":true}]}}