{"id":184341,"date":"2025-07-04T20:08:16","date_gmt":"2025-07-04T19:08:16","guid":{"rendered":"https:\/\/rna.ao\/rna.ao\/?p=184341"},"modified":"2025-07-04T20:08:16","modified_gmt":"2025-07-04T19:08:16","slug":"agressores-de-tecnicos-da-ende-em-viana-podem-podem-ser-condenados-ate-10-anos-de-prisao","status":"publish","type":"post","link":"https:\/\/rna.ao\/rna.ao\/2025\/07\/04\/agressores-de-tecnicos-da-ende-em-viana-podem-podem-ser-condenados-ate-10-anos-de-prisao\/","title":{"rendered":"Agressores de t\u00e9cnicos da ENDE em Viana podem podem ser condenados at\u00e9 10 anos de pris\u00e3o"},"content":{"rendered":"<p><img loading=\"lazy\" class=\"alignnone size-medium wp-image-184342\" src=\"https:\/\/rna.ao\/rna.ao\/wp-content\/uploads\/2025\/07\/9c907f9a-75e4-4218-bf6d-d0b43071334a-770x530.jpeg\" alt=\"\" width=\"770\" height=\"530\" srcset=\"https:\/\/rna.ao\/rna.ao\/wp-content\/uploads\/2025\/07\/9c907f9a-75e4-4218-bf6d-d0b43071334a-770x530.jpeg 770w, https:\/\/rna.ao\/rna.ao\/wp-content\/uploads\/2025\/07\/9c907f9a-75e4-4218-bf6d-d0b43071334a-1170x806.jpeg 1170w, https:\/\/rna.ao\/rna.ao\/wp-content\/uploads\/2025\/07\/9c907f9a-75e4-4218-bf6d-d0b43071334a-768x529.jpeg 768w, https:\/\/rna.ao\/rna.ao\/wp-content\/uploads\/2025\/07\/9c907f9a-75e4-4218-bf6d-d0b43071334a.jpeg 1173w\" sizes=\"(max-width: 770px) 100vw, 770px\" \/>Tr\u00eas indiv\u00edduos que agrediram t\u00e9cnicos da Empresa \u00a0Nacional de Distribui\u00e7\u00e3o de Electricidade (ENDE) poder\u00e3o enfrentar penas de at\u00e9 10 anos de pris\u00e3o, conforme estabelece o C\u00f3digo Penal Angolano. O incidente ocorreu na passada quarta-feira, 2 de Julho, no bairro Estalagem (Km14A), munic\u00edpio de Viana, em Luanda.<\/p>\n<p>A equipa da ENDE realizava trabalhos de fiscaliza\u00e7\u00e3o, sensibiliza\u00e7\u00e3o e cobran\u00e7a de d\u00edvidas quando foi violentamente impedida de continuar os servi\u00e7os por tr\u00eas membros de uma fam\u00edlia residente na zona.<\/p>\n<p>Na manh\u00e3 de hoje efectivos da Pol\u00edcia Nacional, em colabora\u00e7\u00e3o com t\u00e9cnicos da ENDE, deslocaram-se ao local para iniciar as dilig\u00eancias no sentido de localizar e deter os autores do crime. Adelina Marcos, irm\u00e3 dos agressores, repudiou publicamente o comportamento dos familiares, pediu desculpas e garantiu total colabora\u00e7\u00e3o com as autoridades.<\/p>\n<p>Segundo o porta-voz da ENDE, Lauro Fortuna, o cliente em causa acumula sete meses de d\u00edvida e essa tem sido uma das principais causas de hostilidade contra os t\u00e9cnicos. \u201cN\u00e3o se justifica a ac\u00e7\u00e3o destes indiv\u00edduos. Condenamos e repudiamos veementemente a atitude destes cidad\u00e3os que, para al\u00e9m da d\u00edvida, atentaram contra a integridade f\u00edsica e psicol\u00f3gica de prestadores de um servi\u00e7o p\u00fablico essencial\u201d, afirmou.<\/p>\n<p>Por sua vez, o porta-voz da Pol\u00edcia Nacional em Luanda, Nestor Goubel, considerou o acto um crime contra a pessoa e \u00e0 integridade f\u00edsica, prometendo todos os esfor\u00e7os para que os respons\u00e1veis sejam detidos e responsabilizados criminalmente.<\/p>\n<p>Este \u00e9 o s\u00e9timo caso de agress\u00e3o a t\u00e9cnicos da ENDE registado em Luanda nos \u00faltimos 15 dias, um cen\u00e1rio preocupante que evidencia a necessidade de medidas urgentes para garantir a seguran\u00e7a das equipas no terreno.<\/p>\n","protected":false},"excerpt":{"rendered":"<p>Tr\u00eas indiv\u00edduos que agrediram t\u00e9cnicos da Empresa \u00a0Nacional de Distribui\u00e7\u00e3o de Electricidade (ENDE) poder\u00e3o enfrentar penas de at\u00e9 10 anos de pris\u00e3o, conforme estabelece o C\u00f3digo Penal Angolano. O incidente ocorreu na passada quarta-feira, 2 de Julho, no bairro Estalagem (Km14A), munic\u00edpio de Viana, em Luanda. A equipa da ENDE ...<\/p>\n","protected":false},"author":9,"featured_media":184343,"comment_status":"closed","ping_status":"closed","sticky":false,"template":"","format":"standard","meta":[],"categories":[141,133],"tags":[],"_links":{"self":[{"href":"https:\/\/rna.ao\/rna.ao\/wp-json\/wp\/v2\/posts\/184341"}],"collection":[{"href":"https:\/\/rna.ao\/rna.ao\/wp-json\/wp\/v2\/posts"}],"about":[{"href":"https:\/\/rna.ao\/rna.ao\/wp-json\/wp\/v2\/types\/post"}],"author":[{"embeddable":true,"href":"https:\/\/rna.ao\/rna.ao\/wp-json\/wp\/v2\/users\/9"}],"replies":[{"embeddable":true,"href":"https:\/\/rna.ao\/rna.ao\/wp-json\/wp\/v2\/comments?post=184341"}],"version-history":[{"count":1,"href":"https:\/\/rna.ao\/rna.ao\/wp-json\/wp\/v2\/posts\/184341\/revisions"}],"predecessor-version":[{"id":184344,"href":"https:\/\/rna.ao\/rna.ao\/wp-json\/wp\/v2\/posts\/184341\/revisions\/184344"}],"wp:featuredmedia":[{"embeddable":true,"href":"https:\/\/rna.ao\/rna.ao\/wp-json\/wp\/v2\/media\/184343"}],"wp:attachment":[{"href":"https:\/\/rna.ao\/rna.ao\/wp-json\/wp\/v2\/media?parent=184341"}],"wp:term":[{"taxonomy":"category","embeddable":true,"href":"https:\/\/rna.ao\/rna.ao\/wp-json\/wp\/v2\/categories?post=184341"},{"taxonomy":"post_tag","embeddable":true,"href":"https:\/\/rna.ao\/rna.ao\/wp-json\/wp\/v2\/tags?post=184341"}],"curies":[{"name":"wp","href":"https:\/\/api.w.org\/{rel}","templated":true}]}}