{"id":18433,"date":"2021-03-01T00:01:14","date_gmt":"2021-02-28T23:01:14","guid":{"rendered":"https:\/\/rna.ao\/rna.ao\/?p=18433"},"modified":"2021-03-01T00:38:31","modified_gmt":"2021-02-28T23:38:31","slug":"bengo-ganha-nos-proximos-anos-novas-instalacoes-do-inamet","status":"publish","type":"post","link":"https:\/\/rna.ao\/rna.ao\/2021\/03\/01\/bengo-ganha-nos-proximos-anos-novas-instalacoes-do-inamet\/","title":{"rendered":"Bengo ganha nos pr\u00f3ximos anos novas esta\u00e7\u00f5es do INAMET"},"content":{"rendered":"<p><img loading=\"lazy\" class=\"size-full wp-image-18435 alignleft\" src=\"https:\/\/rna.ao\/rna.ao\/wp-content\/uploads\/2021\/02\/inamet.jpg\" alt=\"\" width=\"270\" height=\"180\" \/>O Instituto Nacional de Meteorologia e Geof\u00edsica (INAMET) vai instalar novas estac\u00f5es meteorol\u00f3gicas, na Prov\u00edncia do Bengo, nos pr\u00f3ximos cinco anos.<\/p>\n<p>A informa\u00e7\u00e3o foi avan\u00e7ada durante a visita de trabalho efetuada, \u00e0quela Prov\u00edncia, pelo Ministro das Telecomunica\u00e7\u00f5es, Tecnologias de Informa\u00e7\u00e3o e Comunica\u00e7\u00e3o Social, Manuel Homem. Clique no \u00e1udio, abaixo, e ou\u00e7a com mais desenvolvimento na reportagem com Filipe Vuangula:<\/p>\n\t<div class=\"qtmplayer-playlist-large\">\n\t\t<ul class=\"qtmplayer-playlist\">\n\t\t\t\n\t\t\t\t\t<li class=\"qtmplayer-trackitem\">\n\t\t<img src=\"https:\/\/rna.ao\/rna.ao\/wp-content\/uploads\/2021\/02\/inamet-100x100.jpg\" alt=\"cover\">\t\t<span \t\t\tdata-qtmplayer-cover=\"https:\/\/rna.ao\/rna.ao\/wp-content\/uploads\/2021\/02\/inamet.jpg\"\n\t\t\t\t\t\tdata-qtmplayer-file=\"https:\/\/rna.ao\/rna.ao\/wp-content\/uploads\/2021\/02\/BENGO-VISITA-DO-MINISTRO-13HRS.mp3\"\n\t\t\t\t\t\tdata-qtmplayer-title=\"Bengo ganha nos pr\u00f3ximos anos novas esta\u00e7\u00f5es do INAMET\"\n\t\t\t\t\t\tdata-qtmplayer-artist=\"RNA\"\n\t\t\t\t\t\tdata-qtmplayer-link=\"https:\/\/rna.ao\/rna.ao\/2021\/03\/01\/bengo-ganha-nos-proximos-anos-novas-instalacoes-do-inamet\/\"\n\t\t\t\t\t\tdata-qtmplayer-icon=\"file_download\"\n\t\t\t\t\t\tdata-qtmplayer-type=\"track\"\n\t\t\t class=\"qtmplayer-play qtmplayer-link-sec qtmplayer-play-btn\"><i class='material-icons'>play_arrow<\/i><\/span>\n\t\t<p>\n\t\t\t<span class=\"qtmplayer-tit\">Bengo ganha nos pr\u00f3ximos anos novas esta\u00e7\u00f5es do INAMET<\/span>\n\t\t\t<span class=\"qtmplayer-art\">RNA<\/span>\n\t\t<\/p>\n\t<\/li>\n\t\t<\/ul>\n\t<\/div>\t\t\t\n\t\n<p>Fonte: RNA<\/p>\n","protected":false},"excerpt":{"rendered":"<p>O Instituto Nacional de Meteorologia e Geof\u00edsica (INAMET) vai instalar novas estac\u00f5es meteorol\u00f3gicas, na Prov\u00edncia do Bengo, nos pr\u00f3ximos cinco anos. A informa\u00e7\u00e3o foi avan\u00e7ada durante a visita de trabalho efetuada, \u00e0quela Prov\u00edncia, pelo Ministro das Telecomunica\u00e7\u00f5es, Tecnologias de Informa\u00e7\u00e3o e Comunica\u00e7\u00e3o Social, Manuel Homem. Clique no \u00e1udio, abaixo, e ...<\/p>\n","protected":false},"author":8,"featured_media":18435,"comment_status":"closed","ping_status":"closed","sticky":false,"template":"","format":"standard","meta":[],"categories":[142,163],"tags":[],"_links":{"self":[{"href":"https:\/\/rna.ao\/rna.ao\/wp-json\/wp\/v2\/posts\/18433"}],"collection":[{"href":"https:\/\/rna.ao\/rna.ao\/wp-json\/wp\/v2\/posts"}],"about":[{"href":"https:\/\/rna.ao\/rna.ao\/wp-json\/wp\/v2\/types\/post"}],"author":[{"embeddable":true,"href":"https:\/\/rna.ao\/rna.ao\/wp-json\/wp\/v2\/users\/8"}],"replies":[{"embeddable":true,"href":"https:\/\/rna.ao\/rna.ao\/wp-json\/wp\/v2\/comments?post=18433"}],"version-history":[{"count":3,"href":"https:\/\/rna.ao\/rna.ao\/wp-json\/wp\/v2\/posts\/18433\/revisions"}],"predecessor-version":[{"id":18459,"href":"https:\/\/rna.ao\/rna.ao\/wp-json\/wp\/v2\/posts\/18433\/revisions\/18459"}],"wp:featuredmedia":[{"embeddable":true,"href":"https:\/\/rna.ao\/rna.ao\/wp-json\/wp\/v2\/media\/18435"}],"wp:attachment":[{"href":"https:\/\/rna.ao\/rna.ao\/wp-json\/wp\/v2\/media?parent=18433"}],"wp:term":[{"taxonomy":"category","embeddable":true,"href":"https:\/\/rna.ao\/rna.ao\/wp-json\/wp\/v2\/categories?post=18433"},{"taxonomy":"post_tag","embeddable":true,"href":"https:\/\/rna.ao\/rna.ao\/wp-json\/wp\/v2\/tags?post=18433"}],"curies":[{"name":"wp","href":"https:\/\/api.w.org\/{rel}","templated":true}]}}