{"id":18425,"date":"2021-02-28T17:40:59","date_gmt":"2021-02-28T16:40:59","guid":{"rendered":"https:\/\/rna.ao\/rna.ao\/?p=18425"},"modified":"2021-02-28T17:40:59","modified_gmt":"2021-02-28T16:40:59","slug":"sme-deteve-sudanes-que-se-fazia-passar-por-angolano","status":"publish","type":"post","link":"https:\/\/rna.ao\/rna.ao\/2021\/02\/28\/sme-deteve-sudanes-que-se-fazia-passar-por-angolano\/","title":{"rendered":"SME DETEVE SUDAN\u00caS QUE SE FAZIA PASSAR POR ANGOLANO"},"content":{"rendered":"<p><img loading=\"lazy\" class=\"size-full wp-image-18426 alignleft\" src=\"https:\/\/rna.ao\/rna.ao\/wp-content\/uploads\/2021\/02\/Simao-Milagre-SME.jpg\" alt=\"\" width=\"275\" height=\"183\" \/>O Servi\u00e7o de Migra\u00e7\u00e3o e Estrangeiros (SME) deteve na \u00faltima quinta-feira, em Luanda, um cidad\u00e3o sudan\u00eas que se fazia passar por angolano.<\/p>\n<p>Segundo Sim\u00e3o Milagre, porta voz do SME, no acto da sua deten\u00e7\u00e3o, o sudan\u00eas estava em posse de um Bilhete de Identidade angolano, cuja naturalidade \u00e9 Cuanza Sul. O porta voz do SME informou, ainda, que foi igualmente detido um cidad\u00e3o nacional, acusado do crime de aux\u00edlio \u00e0 imigra\u00e7\u00e3o ilegal. Clique no \u00e1udio, abaixo, e ou\u00e7a com mais desenvolvimento na reportagem com o Jornalista Gabriel Veloso:<\/p>\n\t<div class=\"qtmplayer-playlist-large\">\n\t\t<ul class=\"qtmplayer-playlist\">\n\t\t\t\n\t\t\t\t\t<li class=\"qtmplayer-trackitem\">\n\t\t<img src=\"https:\/\/rna.ao\/rna.ao\/wp-content\/uploads\/2021\/02\/Simao-Milagre-SME-100x100.jpg\" alt=\"cover\">\t\t<span \t\t\tdata-qtmplayer-cover=\"https:\/\/rna.ao\/rna.ao\/wp-content\/uploads\/2021\/02\/Simao-Milagre-SME.jpg\"\n\t\t\t\t\t\tdata-qtmplayer-file=\"https:\/\/rna.ao\/rna.ao\/wp-content\/uploads\/2021\/02\/GABRIEL-VELOSO-13HRS-1.mp3\"\n\t\t\t\t\t\tdata-qtmplayer-title=\"SME DETEVE SUDAN\u00caS QUE SE FAZIA PASSAR POR ANGOLANO\"\n\t\t\t\t\t\tdata-qtmplayer-artist=\"RNA\"\n\t\t\t\t\t\tdata-qtmplayer-link=\"https:\/\/rna.ao\/rna.ao\/2021\/02\/28\/sme-deteve-sudanes-que-se-fazia-passar-por-angolano\/\"\n\t\t\t\t\t\tdata-qtmplayer-icon=\"file_download\"\n\t\t\t\t\t\tdata-qtmplayer-type=\"track\"\n\t\t\t class=\"qtmplayer-play qtmplayer-link-sec qtmplayer-play-btn\"><i class='material-icons'>play_arrow<\/i><\/span>\n\t\t<p>\n\t\t\t<span class=\"qtmplayer-tit\">SME DETEVE SUDAN\u00caS QUE SE FAZIA PASSAR POR ANGOLANO<\/span>\n\t\t\t<span class=\"qtmplayer-art\">RNA<\/span>\n\t\t<\/p>\n\t<\/li>\n\t\t<\/ul>\n\t<\/div>\t\t\t\n\t\n<p>Fonte: RNA<\/p>\n","protected":false},"excerpt":{"rendered":"<p>O Servi\u00e7o de Migra\u00e7\u00e3o e Estrangeiros (SME) deteve na \u00faltima quinta-feira, em Luanda, um cidad\u00e3o sudan\u00eas que se fazia passar por angolano. Segundo Sim\u00e3o Milagre, porta voz do SME, no acto da sua deten\u00e7\u00e3o, o sudan\u00eas estava em posse de um Bilhete de Identidade angolano, cuja naturalidade \u00e9 Cuanza Sul. ...<\/p>\n","protected":false},"author":8,"featured_media":18426,"comment_status":"closed","ping_status":"closed","sticky":false,"template":"","format":"standard","meta":[],"categories":[142,163],"tags":[],"_links":{"self":[{"href":"https:\/\/rna.ao\/rna.ao\/wp-json\/wp\/v2\/posts\/18425"}],"collection":[{"href":"https:\/\/rna.ao\/rna.ao\/wp-json\/wp\/v2\/posts"}],"about":[{"href":"https:\/\/rna.ao\/rna.ao\/wp-json\/wp\/v2\/types\/post"}],"author":[{"embeddable":true,"href":"https:\/\/rna.ao\/rna.ao\/wp-json\/wp\/v2\/users\/8"}],"replies":[{"embeddable":true,"href":"https:\/\/rna.ao\/rna.ao\/wp-json\/wp\/v2\/comments?post=18425"}],"version-history":[{"count":2,"href":"https:\/\/rna.ao\/rna.ao\/wp-json\/wp\/v2\/posts\/18425\/revisions"}],"predecessor-version":[{"id":18429,"href":"https:\/\/rna.ao\/rna.ao\/wp-json\/wp\/v2\/posts\/18425\/revisions\/18429"}],"wp:featuredmedia":[{"embeddable":true,"href":"https:\/\/rna.ao\/rna.ao\/wp-json\/wp\/v2\/media\/18426"}],"wp:attachment":[{"href":"https:\/\/rna.ao\/rna.ao\/wp-json\/wp\/v2\/media?parent=18425"}],"wp:term":[{"taxonomy":"category","embeddable":true,"href":"https:\/\/rna.ao\/rna.ao\/wp-json\/wp\/v2\/categories?post=18425"},{"taxonomy":"post_tag","embeddable":true,"href":"https:\/\/rna.ao\/rna.ao\/wp-json\/wp\/v2\/tags?post=18425"}],"curies":[{"name":"wp","href":"https:\/\/api.w.org\/{rel}","templated":true}]}}