{"id":184193,"date":"2025-07-04T07:28:05","date_gmt":"2025-07-04T06:28:05","guid":{"rendered":"https:\/\/rna.ao\/rna.ao\/?p=184193"},"modified":"2025-07-04T07:28:05","modified_gmt":"2025-07-04T06:28:05","slug":"pre-seleccao-feminina-de-basquetebol-da-bons-sinais-no-primeiro-amistoso-rumo-ao-afrobasket-de-abidjan","status":"publish","type":"post","link":"https:\/\/rna.ao\/rna.ao\/2025\/07\/04\/pre-seleccao-feminina-de-basquetebol-da-bons-sinais-no-primeiro-amistoso-rumo-ao-afrobasket-de-abidjan\/","title":{"rendered":"Pr\u00e9-selec\u00e7\u00e3o feminina de basquetebol d\u00e1 bons sinais no primeiro amistoso rumo ao Afrobasket de Abidjan"},"content":{"rendered":"<p><img loading=\"lazy\" class=\"alignnone size-medium wp-image-184195\" src=\"https:\/\/rna.ao\/rna.ao\/wp-content\/uploads\/2025\/07\/IMG_5956-616x770.jpeg\" alt=\"\" width=\"616\" height=\"770\" srcset=\"https:\/\/rna.ao\/rna.ao\/wp-content\/uploads\/2025\/07\/IMG_5956-616x770.jpeg 616w, https:\/\/rna.ao\/rna.ao\/wp-content\/uploads\/2025\/07\/IMG_5956-936x1170.jpeg 936w, https:\/\/rna.ao\/rna.ao\/wp-content\/uploads\/2025\/07\/IMG_5956-768x960.jpeg 768w, https:\/\/rna.ao\/rna.ao\/wp-content\/uploads\/2025\/07\/IMG_5956-1229x1536.jpeg 1229w, https:\/\/rna.ao\/rna.ao\/wp-content\/uploads\/2025\/07\/IMG_5956.jpeg 1440w\" sizes=\"(max-width: 616px) 100vw, 616px\" \/>A pr\u00e9-selec\u00e7\u00e3o nacional feminina de basquetebol prossegue, esta tarde, com a prepara\u00e7\u00e3o no Pavilh\u00e3o Vitorino Cunha, tendo em vista o Afrobasket, que decorrer\u00e1 em Abidjan, de 26 de julho a 3 de agosto.<\/p>\n<p>No primeiro jogo de prepara\u00e7\u00e3o, realizado ontem, a selec\u00e7\u00e3o feminina venceu a equipa de Cadetes Masculinos do 1\u00ba de Agosto, por 59-32, deixando boas indica\u00e7\u00f5es para a competi\u00e7\u00e3o.<\/p>\n<p>Jacqueline Francisco, treinadora adjunta da selec\u00e7\u00e3o, destacou o desempenho das jogadoras, sublinhando a evolu\u00e7\u00e3o e o esp\u00edrito competitivo demonstrado. Clique no \u00e1udio e ou\u00e7a:<\/p>\n\t<div class=\"qtmplayer-playlist-large\">\n\t\t<ul class=\"qtmplayer-playlist\">\n\t\t\t\n\t\t\t\t\t<li class=\"qtmplayer-trackitem\">\n\t\t<img src=\"https:\/\/rna.ao\/rna.ao\/wp-content\/uploads\/2025\/07\/IMG_5957-100x100.jpeg\" alt=\"cover\">\t\t<span \t\t\tdata-qtmplayer-cover=\"https:\/\/rna.ao\/rna.ao\/wp-content\/uploads\/2025\/07\/IMG_5957-370x370.jpeg\"\n\t\t\t\t\t\tdata-qtmplayer-file=\"https:\/\/rna.ao\/rna.ao\/wp-content\/uploads\/2025\/07\/P-J-1-JACLINE-FRANCISCO-04-07-25.mp3\"\n\t\t\t\t\t\tdata-qtmplayer-title=\"Pr\u00e9-selec\u00e7\u00e3o feminina de basquetebol d\u00e1 bons sinais no primeiro amistoso rumo ao Afrobasket de Abidjan\"\n\t\t\t\t\t\tdata-qtmplayer-artist=\"Juliana Nunes\"\n\t\t\t\t\t\tdata-qtmplayer-link=\"https:\/\/rna.ao\/rna.ao\/2025\/07\/04\/pre-seleccao-feminina-de-basquetebol-da-bons-sinais-no-primeiro-amistoso-rumo-ao-afrobasket-de-abidjan\/\"\n\t\t\t\t\t\tdata-qtmplayer-icon=\"file_download\"\n\t\t\t\t\t\tdata-qtmplayer-type=\"track\"\n\t\t\t class=\"qtmplayer-play qtmplayer-link-sec qtmplayer-play-btn\"><i class='material-icons'>play_arrow<\/i><\/span>\n\t\t<p>\n\t\t\t<span class=\"qtmplayer-tit\">Pr\u00e9-selec\u00e7\u00e3o feminina de basquetebol d\u00e1 bons sinais no primeiro amistoso rumo ao Afrobasket de Abidjan<\/span>\n\t\t\t<span class=\"qtmplayer-art\">Juliana Nunes<\/span>\n\t\t<\/p>\n\t<\/li>\n\t\t<\/ul>\n\t<\/div>\t\t\t\n\t\n<p>Angola integra o Grupo A da competi\u00e7\u00e3o, juntamente com a anfitri\u00e3 C\u00f4te d\u2019Ivoire e o Egipto, advers\u00e1rio da estreia, marcada para o dia 27 de julho.<\/p>\n","protected":false},"excerpt":{"rendered":"<p>A pr\u00e9-selec\u00e7\u00e3o nacional feminina de basquetebol prossegue, esta tarde, com a prepara\u00e7\u00e3o no Pavilh\u00e3o Vitorino Cunha, tendo em vista o Afrobasket, que decorrer\u00e1 em Abidjan, de 26 de julho a 3 de agosto. No primeiro jogo de prepara\u00e7\u00e3o, realizado ontem, a selec\u00e7\u00e3o feminina venceu a equipa de Cadetes Masculinos do ...<\/p>\n","protected":false},"author":16,"featured_media":184196,"comment_status":"closed","ping_status":"closed","sticky":false,"template":"","format":"standard","meta":[],"categories":[145,125],"tags":[],"_links":{"self":[{"href":"https:\/\/rna.ao\/rna.ao\/wp-json\/wp\/v2\/posts\/184193"}],"collection":[{"href":"https:\/\/rna.ao\/rna.ao\/wp-json\/wp\/v2\/posts"}],"about":[{"href":"https:\/\/rna.ao\/rna.ao\/wp-json\/wp\/v2\/types\/post"}],"author":[{"embeddable":true,"href":"https:\/\/rna.ao\/rna.ao\/wp-json\/wp\/v2\/users\/16"}],"replies":[{"embeddable":true,"href":"https:\/\/rna.ao\/rna.ao\/wp-json\/wp\/v2\/comments?post=184193"}],"version-history":[{"count":1,"href":"https:\/\/rna.ao\/rna.ao\/wp-json\/wp\/v2\/posts\/184193\/revisions"}],"predecessor-version":[{"id":184197,"href":"https:\/\/rna.ao\/rna.ao\/wp-json\/wp\/v2\/posts\/184193\/revisions\/184197"}],"wp:featuredmedia":[{"embeddable":true,"href":"https:\/\/rna.ao\/rna.ao\/wp-json\/wp\/v2\/media\/184196"}],"wp:attachment":[{"href":"https:\/\/rna.ao\/rna.ao\/wp-json\/wp\/v2\/media?parent=184193"}],"wp:term":[{"taxonomy":"category","embeddable":true,"href":"https:\/\/rna.ao\/rna.ao\/wp-json\/wp\/v2\/categories?post=184193"},{"taxonomy":"post_tag","embeddable":true,"href":"https:\/\/rna.ao\/rna.ao\/wp-json\/wp\/v2\/tags?post=184193"}],"curies":[{"name":"wp","href":"https:\/\/api.w.org\/{rel}","templated":true}]}}