{"id":184184,"date":"2025-07-04T06:48:36","date_gmt":"2025-07-04T05:48:36","guid":{"rendered":"https:\/\/rna.ao\/rna.ao\/?p=184184"},"modified":"2025-07-04T06:48:36","modified_gmt":"2025-07-04T05:48:36","slug":"pupilos-de-pep-claros-reforcados-nas-proximas-horas","status":"publish","type":"post","link":"https:\/\/rna.ao\/rna.ao\/2025\/07\/04\/pupilos-de-pep-claros-reforcados-nas-proximas-horas\/","title":{"rendered":"Pupilos de Pep Clar\u00f3s refor\u00e7ados nas pr\u00f3ximas horas"},"content":{"rendered":"<p><img loading=\"lazy\" class=\"alignnone size-medium wp-image-184185\" src=\"https:\/\/rna.ao\/rna.ao\/wp-content\/uploads\/2025\/07\/IMG_5950-618x770.jpeg\" alt=\"\" width=\"618\" height=\"770\" srcset=\"https:\/\/rna.ao\/rna.ao\/wp-content\/uploads\/2025\/07\/IMG_5950-618x770.jpeg 618w, https:\/\/rna.ao\/rna.ao\/wp-content\/uploads\/2025\/07\/IMG_5950-768x958.jpeg 768w, https:\/\/rna.ao\/rna.ao\/wp-content\/uploads\/2025\/07\/IMG_5950.jpeg 770w\" sizes=\"(max-width: 618px) 100vw, 618px\" \/>Com o grupo ainda incompleto em Portugal, a pr\u00e9-sele\u00e7\u00e3o s\u00e9nior masculina continua a prepara\u00e7\u00e3o para o Afrobasket, que se disputa de 12 a 24 de agosto no nosso pa\u00eds.<\/p>\n<p>Nas pr\u00f3ximas horas, o grupo ser\u00e1 refor\u00e7ado com a chegada dos atletas Marcelo Jo\u00e3o, Milton Valente, Glofate Buiamba, Cl\u00e9sio Castro, Eduardo Sim\u00e3o e Ad\u00e3o Ant\u00f3nio.<\/p>\n<p>Na fase final, juntar-se-\u00e3o ainda os internacionais Bruno Fernando, Jilson Bango, S\u00edlvio Sousa, Kokila e Selton Miguel, que refor\u00e7ar\u00e3o o conjunto nacional.<\/p>\n<p>Valdel\u00edcio Joaquim, poste da sele\u00e7\u00e3o, antev\u00ea um campeonato equilibrado. Clique no \u00e1udio e ou\u00e7a:<\/p>\n\t<div class=\"qtmplayer-playlist-large\">\n\t\t<ul class=\"qtmplayer-playlist\">\n\t\t\t\n\t\t\t\t\t<li class=\"qtmplayer-trackitem\">\n\t\t<img src=\"https:\/\/rna.ao\/rna.ao\/wp-content\/uploads\/2025\/07\/IMG_5950-100x100.jpeg\" alt=\"cover\">\t\t<span \t\t\tdata-qtmplayer-cover=\"https:\/\/rna.ao\/rna.ao\/wp-content\/uploads\/2025\/07\/IMG_5950-370x370.jpeg\"\n\t\t\t\t\t\tdata-qtmplayer-file=\"https:\/\/rna.ao\/rna.ao\/wp-content\/uploads\/2025\/07\/P-J-2-VALDELICIO-JOAQUIM-04-07-25.mp3\"\n\t\t\t\t\t\tdata-qtmplayer-title=\"Pupilos de Pep Clar\u00f3s refor\u00e7ados nas pr\u00f3ximas horas\"\n\t\t\t\t\t\tdata-qtmplayer-artist=\"Juliana Nunes\"\n\t\t\t\t\t\tdata-qtmplayer-link=\"https:\/\/rna.ao\/rna.ao\/2025\/07\/04\/pupilos-de-pep-claros-reforcados-nas-proximas-horas\/\"\n\t\t\t\t\t\tdata-qtmplayer-icon=\"file_download\"\n\t\t\t\t\t\tdata-qtmplayer-type=\"track\"\n\t\t\t class=\"qtmplayer-play qtmplayer-link-sec qtmplayer-play-btn\"><i class='material-icons'>play_arrow<\/i><\/span>\n\t\t<p>\n\t\t\t<span class=\"qtmplayer-tit\">Pupilos de Pep Clar\u00f3s refor\u00e7ados nas pr\u00f3ximas horas<\/span>\n\t\t\t<span class=\"qtmplayer-art\">Juliana Nunes<\/span>\n\t\t<\/p>\n\t<\/li>\n\t\t<\/ul>\n\t<\/div>\t\t\t\n\t\n","protected":false},"excerpt":{"rendered":"<p>Com o grupo ainda incompleto em Portugal, a pr\u00e9-sele\u00e7\u00e3o s\u00e9nior masculina continua a prepara\u00e7\u00e3o para o Afrobasket, que se disputa de 12 a 24 de agosto no nosso pa\u00eds. Nas pr\u00f3ximas horas, o grupo ser\u00e1 refor\u00e7ado com a chegada dos atletas Marcelo Jo\u00e3o, Milton Valente, Glofate Buiamba, Cl\u00e9sio Castro, Eduardo ...<\/p>\n","protected":false},"author":16,"featured_media":184185,"comment_status":"closed","ping_status":"closed","sticky":false,"template":"","format":"standard","meta":[],"categories":[145,125],"tags":[],"_links":{"self":[{"href":"https:\/\/rna.ao\/rna.ao\/wp-json\/wp\/v2\/posts\/184184"}],"collection":[{"href":"https:\/\/rna.ao\/rna.ao\/wp-json\/wp\/v2\/posts"}],"about":[{"href":"https:\/\/rna.ao\/rna.ao\/wp-json\/wp\/v2\/types\/post"}],"author":[{"embeddable":true,"href":"https:\/\/rna.ao\/rna.ao\/wp-json\/wp\/v2\/users\/16"}],"replies":[{"embeddable":true,"href":"https:\/\/rna.ao\/rna.ao\/wp-json\/wp\/v2\/comments?post=184184"}],"version-history":[{"count":1,"href":"https:\/\/rna.ao\/rna.ao\/wp-json\/wp\/v2\/posts\/184184\/revisions"}],"predecessor-version":[{"id":184187,"href":"https:\/\/rna.ao\/rna.ao\/wp-json\/wp\/v2\/posts\/184184\/revisions\/184187"}],"wp:featuredmedia":[{"embeddable":true,"href":"https:\/\/rna.ao\/rna.ao\/wp-json\/wp\/v2\/media\/184185"}],"wp:attachment":[{"href":"https:\/\/rna.ao\/rna.ao\/wp-json\/wp\/v2\/media?parent=184184"}],"wp:term":[{"taxonomy":"category","embeddable":true,"href":"https:\/\/rna.ao\/rna.ao\/wp-json\/wp\/v2\/categories?post=184184"},{"taxonomy":"post_tag","embeddable":true,"href":"https:\/\/rna.ao\/rna.ao\/wp-json\/wp\/v2\/tags?post=184184"}],"curies":[{"name":"wp","href":"https:\/\/api.w.org\/{rel}","templated":true}]}}