{"id":18411,"date":"2021-02-27T23:23:11","date_gmt":"2021-02-27T22:23:11","guid":{"rendered":"https:\/\/rna.ao\/rna.ao\/?p=18411"},"modified":"2021-02-28T23:42:12","modified_gmt":"2021-02-28T22:42:12","slug":"policia-nacional-celebra-45o-aniversario-com-homenagem-a-antigo-comandante","status":"publish","type":"post","link":"https:\/\/rna.ao\/rna.ao\/2021\/02\/27\/policia-nacional-celebra-45o-aniversario-com-homenagem-a-antigo-comandante\/","title":{"rendered":"Policia Nacional celebra 45\u00ba anivers\u00e1rio com homenagem a antigo comandante"},"content":{"rendered":"<p><img loading=\"lazy\" class=\"size-full wp-image-18422 alignleft\" src=\"https:\/\/rna.ao\/rna.ao\/wp-content\/uploads\/2021\/02\/Policia-logo.jpg\" alt=\"\" width=\"278\" height=\"171\" \/>A Policia Nacional completa este domingo, 28 de Fevereiro, 45 anos de exist\u00eancia. No \u00e2mbito dos festejos, foi inaugurada s\u00e1bado (27), na Unidade Operativa de Luanda, uma \u00e1rea administrativa.<\/p>\n<p>O audit\u00f3rio da mesma Unidade, passa agora a chamar-se \u201cArmindo Espirito Santo Vieira\u201d, em homenagem a este antigo comandante da policia e Vice-Ministro do Interior, que j\u00e1 agradeceu o gesto. Clique no \u00e1udio e ou\u00e7a:<\/p>\n\t<div class=\"qtmplayer-playlist-large\">\n\t\t<ul class=\"qtmplayer-playlist\">\n\t\t\t\n\t\t\t\t\t<li class=\"qtmplayer-trackitem\">\n\t\t<img src=\"https:\/\/rna.ao\/rna.ao\/wp-content\/uploads\/2021\/02\/Policia-logo-100x100.jpg\" alt=\"cover\">\t\t<span \t\t\tdata-qtmplayer-cover=\"https:\/\/rna.ao\/rna.ao\/wp-content\/uploads\/2021\/02\/Policia-logo.jpg\"\n\t\t\t\t\t\tdata-qtmplayer-file=\"https:\/\/rna.ao\/rna.ao\/wp-content\/uploads\/2021\/02\/ARMINDO-ESPIRITO-SANTOS-13HRS.mp3\"\n\t\t\t\t\t\tdata-qtmplayer-title=\"Policia Nacional celebra 45\u00ba anivers\u00e1rio com homenagem a antigo comandante\"\n\t\t\t\t\t\tdata-qtmplayer-artist=\"RNA\"\n\t\t\t\t\t\tdata-qtmplayer-link=\"https:\/\/rna.ao\/rna.ao\/2021\/02\/27\/policia-nacional-celebra-45o-aniversario-com-homenagem-a-antigo-comandante\/\"\n\t\t\t\t\t\tdata-qtmplayer-icon=\"file_download\"\n\t\t\t\t\t\tdata-qtmplayer-type=\"track\"\n\t\t\t class=\"qtmplayer-play qtmplayer-link-sec qtmplayer-play-btn\"><i class='material-icons'>play_arrow<\/i><\/span>\n\t\t<p>\n\t\t\t<span class=\"qtmplayer-tit\">Policia Nacional celebra 45\u00ba anivers\u00e1rio com homenagem a antigo comandante<\/span>\n\t\t\t<span class=\"qtmplayer-art\">RNA<\/span>\n\t\t<\/p>\n\t<\/li>\n\t\t<\/ul>\n\t<\/div>\t\t\t\n\t\n<p>O Comandante Geral da Policia Nacional, Paulo de Almeida, disse que continuar\u00e3o a ser distinguidas, e valorizadas, as pessoas que trabalharam em prol do desenvolvimento da Corpora\u00e7\u00e3o. Clique no \u00e1udio e ou\u00e7a:<\/p>\n\t<div class=\"qtmplayer-playlist-large\">\n\t\t<ul class=\"qtmplayer-playlist\">\n\t\t\t\n\t\t\t\t\t<li class=\"qtmplayer-trackitem\">\n\t\t<img src=\"https:\/\/rna.ao\/rna.ao\/wp-content\/uploads\/2021\/02\/Policia-logo-100x100.jpg\" alt=\"cover\">\t\t<span \t\t\tdata-qtmplayer-cover=\"https:\/\/rna.ao\/rna.ao\/wp-content\/uploads\/2021\/02\/Policia-logo.jpg\"\n\t\t\t\t\t\tdata-qtmplayer-file=\"https:\/\/rna.ao\/rna.ao\/wp-content\/uploads\/2021\/02\/PAULO-DE-ALMEIDA-13HRS.mp3\"\n\t\t\t\t\t\tdata-qtmplayer-title=\"Policia Nacional celebra 45\u00ba anivers\u00e1rio com homenagem a antigo comandante\"\n\t\t\t\t\t\tdata-qtmplayer-artist=\"RNA\"\n\t\t\t\t\t\tdata-qtmplayer-link=\"https:\/\/rna.ao\/rna.ao\/2021\/02\/27\/policia-nacional-celebra-45o-aniversario-com-homenagem-a-antigo-comandante\/\"\n\t\t\t\t\t\tdata-qtmplayer-icon=\"file_download\"\n\t\t\t\t\t\tdata-qtmplayer-type=\"track\"\n\t\t\t class=\"qtmplayer-play qtmplayer-link-sec qtmplayer-play-btn\"><i class='material-icons'>play_arrow<\/i><\/span>\n\t\t<p>\n\t\t\t<span class=\"qtmplayer-tit\">Policia Nacional celebra 45\u00ba anivers\u00e1rio com homenagem a antigo comandante<\/span>\n\t\t\t<span class=\"qtmplayer-art\">RNA<\/span>\n\t\t<\/p>\n\t<\/li>\n\t\t<\/ul>\n\t<\/div>\t\t\t\n\t\n<p>Fonte: RNA<\/p>\n","protected":false},"excerpt":{"rendered":"<p>A Policia Nacional completa este domingo, 28 de Fevereiro, 45 anos de exist\u00eancia. No \u00e2mbito dos festejos, foi inaugurada s\u00e1bado (27), na Unidade Operativa de Luanda, uma \u00e1rea administrativa. O audit\u00f3rio da mesma Unidade, passa agora a chamar-se \u201cArmindo Espirito Santo Vieira\u201d, em homenagem a este antigo comandante da policia ...<\/p>\n","protected":false},"author":8,"featured_media":18422,"comment_status":"closed","ping_status":"closed","sticky":false,"template":"","format":"standard","meta":[],"categories":[141,133],"tags":[],"_links":{"self":[{"href":"https:\/\/rna.ao\/rna.ao\/wp-json\/wp\/v2\/posts\/18411"}],"collection":[{"href":"https:\/\/rna.ao\/rna.ao\/wp-json\/wp\/v2\/posts"}],"about":[{"href":"https:\/\/rna.ao\/rna.ao\/wp-json\/wp\/v2\/types\/post"}],"author":[{"embeddable":true,"href":"https:\/\/rna.ao\/rna.ao\/wp-json\/wp\/v2\/users\/8"}],"replies":[{"embeddable":true,"href":"https:\/\/rna.ao\/rna.ao\/wp-json\/wp\/v2\/comments?post=18411"}],"version-history":[{"count":1,"href":"https:\/\/rna.ao\/rna.ao\/wp-json\/wp\/v2\/posts\/18411\/revisions"}],"predecessor-version":[{"id":18423,"href":"https:\/\/rna.ao\/rna.ao\/wp-json\/wp\/v2\/posts\/18411\/revisions\/18423"}],"wp:featuredmedia":[{"embeddable":true,"href":"https:\/\/rna.ao\/rna.ao\/wp-json\/wp\/v2\/media\/18422"}],"wp:attachment":[{"href":"https:\/\/rna.ao\/rna.ao\/wp-json\/wp\/v2\/media?parent=18411"}],"wp:term":[{"taxonomy":"category","embeddable":true,"href":"https:\/\/rna.ao\/rna.ao\/wp-json\/wp\/v2\/categories?post=18411"},{"taxonomy":"post_tag","embeddable":true,"href":"https:\/\/rna.ao\/rna.ao\/wp-json\/wp\/v2\/tags?post=18411"}],"curies":[{"name":"wp","href":"https:\/\/api.w.org\/{rel}","templated":true}]}}