{"id":18408,"date":"2021-02-27T22:56:34","date_gmt":"2021-02-27T21:56:34","guid":{"rendered":"https:\/\/rna.ao\/rna.ao\/?p=18408"},"modified":"2021-02-27T22:56:34","modified_gmt":"2021-02-27T21:56:34","slug":"modernizacao-da-rede-de-emissores-da-rna-pode-iniciar-este-ano","status":"publish","type":"post","link":"https:\/\/rna.ao\/rna.ao\/2021\/02\/27\/modernizacao-da-rede-de-emissores-da-rna-pode-iniciar-este-ano\/","title":{"rendered":"Moderniza\u00e7\u00e3o da rede de emissores da RNA pode iniciar este ano"},"content":{"rendered":"<p><img loading=\"lazy\" class=\"size-full wp-image-18410 alignleft\" src=\"https:\/\/rna.ao\/rna.ao\/wp-content\/uploads\/2021\/02\/Manuel-Homem-27-02.jpg\" alt=\"\" width=\"308\" height=\"206\" \/>O Ministro das Telecomunica\u00e7\u00f5es, Tecnologias de Informa\u00e7\u00e3o e Comunica\u00e7\u00e3o social, disse s\u00e1bado, 27 de Fevereiro, no Bengo que o programa de moderniza\u00e7\u00e3o da rede de emissores, da Radio Nacional de Angola, pode iniciar ainda este ano.<\/p>\n<p>Manuel Homem foi ao Bengo onde foi informado sobre a necessidade de extens\u00e3o do sinal da Radio e Televis\u00e3o, \u00e0 toda a prov\u00edncia, e do aumento da circula\u00e7\u00e3o de jornais.<\/p>\n<p>O Ministro\u00a0 foi, tamb\u00e9m, informado que o INAMET pretende instalar, nos pr\u00f3ximos 5 anos, mais esta\u00e7\u00f5es no Bengo. Ou\u00e7a, abaixo, toda informa\u00e7\u00e3o na reportagem com Filipe Vuangala:<\/p>\n\t<div class=\"qtmplayer-playlist-large\">\n\t\t<ul class=\"qtmplayer-playlist\">\n\t\t\t\n\t\t\t\t\t<li class=\"qtmplayer-trackitem\">\n\t\t<img src=\"https:\/\/rna.ao\/rna.ao\/wp-content\/uploads\/2021\/02\/Manuel-Homem-27-02-100x100.jpg\" alt=\"cover\">\t\t<span \t\t\tdata-qtmplayer-cover=\"https:\/\/rna.ao\/rna.ao\/wp-content\/uploads\/2021\/02\/Manuel-Homem-27-02.jpg\"\n\t\t\t\t\t\tdata-qtmplayer-file=\"https:\/\/rna.ao\/rna.ao\/wp-content\/uploads\/2021\/02\/BENGO-VISITA-DO-MINISTRO-20-HRS.mp3\"\n\t\t\t\t\t\tdata-qtmplayer-title=\"Moderniza\u00e7\u00e3o da rede de emissores da RNA pode iniciar este ano\"\n\t\t\t\t\t\tdata-qtmplayer-artist=\"RNA\"\n\t\t\t\t\t\tdata-qtmplayer-link=\"https:\/\/rna.ao\/rna.ao\/2021\/02\/27\/modernizacao-da-rede-de-emissores-da-rna-pode-iniciar-este-ano\/\"\n\t\t\t\t\t\tdata-qtmplayer-icon=\"file_download\"\n\t\t\t\t\t\tdata-qtmplayer-type=\"track\"\n\t\t\t class=\"qtmplayer-play qtmplayer-link-sec qtmplayer-play-btn\"><i class='material-icons'>play_arrow<\/i><\/span>\n\t\t<p>\n\t\t\t<span class=\"qtmplayer-tit\">Moderniza\u00e7\u00e3o da rede de emissores da RNA pode iniciar este ano<\/span>\n\t\t\t<span class=\"qtmplayer-art\">RNA<\/span>\n\t\t<\/p>\n\t<\/li>\n\t\t<\/ul>\n\t<\/div>\t\t\t\n\t\n<p>Programa de moderniza\u00e7\u00e3o da rede de emissores da Radio Nacional de Angola pode iniciar ainda este ano.<\/p>\n","protected":false},"excerpt":{"rendered":"<p>O Ministro das Telecomunica\u00e7\u00f5es, Tecnologias de Informa\u00e7\u00e3o e Comunica\u00e7\u00e3o social, disse s\u00e1bado, 27 de Fevereiro, no Bengo que o programa de moderniza\u00e7\u00e3o da rede de emissores, da Radio Nacional de Angola, pode iniciar ainda este ano. Manuel Homem foi ao Bengo onde foi informado sobre a necessidade de extens\u00e3o do ...<\/p>\n","protected":false},"author":8,"featured_media":18410,"comment_status":"closed","ping_status":"closed","sticky":false,"template":"","format":"standard","meta":[],"categories":[121,163],"tags":[],"_links":{"self":[{"href":"https:\/\/rna.ao\/rna.ao\/wp-json\/wp\/v2\/posts\/18408"}],"collection":[{"href":"https:\/\/rna.ao\/rna.ao\/wp-json\/wp\/v2\/posts"}],"about":[{"href":"https:\/\/rna.ao\/rna.ao\/wp-json\/wp\/v2\/types\/post"}],"author":[{"embeddable":true,"href":"https:\/\/rna.ao\/rna.ao\/wp-json\/wp\/v2\/users\/8"}],"replies":[{"embeddable":true,"href":"https:\/\/rna.ao\/rna.ao\/wp-json\/wp\/v2\/comments?post=18408"}],"version-history":[{"count":1,"href":"https:\/\/rna.ao\/rna.ao\/wp-json\/wp\/v2\/posts\/18408\/revisions"}],"predecessor-version":[{"id":18421,"href":"https:\/\/rna.ao\/rna.ao\/wp-json\/wp\/v2\/posts\/18408\/revisions\/18421"}],"wp:featuredmedia":[{"embeddable":true,"href":"https:\/\/rna.ao\/rna.ao\/wp-json\/wp\/v2\/media\/18410"}],"wp:attachment":[{"href":"https:\/\/rna.ao\/rna.ao\/wp-json\/wp\/v2\/media?parent=18408"}],"wp:term":[{"taxonomy":"category","embeddable":true,"href":"https:\/\/rna.ao\/rna.ao\/wp-json\/wp\/v2\/categories?post=18408"},{"taxonomy":"post_tag","embeddable":true,"href":"https:\/\/rna.ao\/rna.ao\/wp-json\/wp\/v2\/tags?post=18408"}],"curies":[{"name":"wp","href":"https:\/\/api.w.org\/{rel}","templated":true}]}}