{"id":18407,"date":"2021-02-27T22:56:21","date_gmt":"2021-02-27T21:56:21","guid":{"rendered":"https:\/\/rna.ao\/rna.ao\/?p=18407"},"modified":"2021-02-27T22:56:21","modified_gmt":"2021-02-27T21:56:21","slug":"igae-abre-delegacoes-em-todas-as-provincias-para-intensificar-o-combate-a-corrupcao","status":"publish","type":"post","link":"https:\/\/rna.ao\/rna.ao\/2021\/02\/27\/igae-abre-delegacoes-em-todas-as-provincias-para-intensificar-o-combate-a-corrupcao\/","title":{"rendered":"IGAE abre delega\u00e7\u00f5es em todas as prov\u00edncias para intensificar o combate a corrup\u00e7\u00e3o"},"content":{"rendered":"<p><img loading=\"lazy\" class=\"wp-image-18415 alignleft\" src=\"https:\/\/rna.ao\/rna.ao\/wp-content\/uploads\/2021\/02\/Paulo-Alves-IGAE.gif\" alt=\"\" width=\"286\" height=\"212\" \/>A Inspec\u00e7\u00e3o Geral da Administra\u00e7\u00e3o do Estado (IGAE) estar\u00e1, brevemente, presente nas 18 prov\u00edncias do pa\u00eds. O director do gabinete jur\u00eddico e de interc\u00e2mbio da Inspec\u00e7\u00e3o Geral da Administra\u00e7\u00e3o do Estado, Paulo Alves, disse s\u00e1bado, 27 de Fevereiro, que parte dos Delegados provinciais j\u00e1 foram nomeados, para levarem avante o combate a corrup\u00e7\u00e3o.<\/p>\n<p>A informa\u00e7\u00e3o foi prestada no programa S\u00e1bado \u00e0s 10 e 10, da RNA, que abordou o tema: \u201c Os desafios da Administra\u00e7\u00e3o publica no combate \u00e0 corrup\u00e7\u00e3o\u201d. Ou\u00e7a, abaixo, o resumo do debate com o jornalista D\u00e1rio Castro:<\/p>\n\t<div class=\"qtmplayer-playlist-large\">\n\t\t<ul class=\"qtmplayer-playlist\">\n\t\t\t\n\t\t\t\t\t<li class=\"qtmplayer-trackitem\">\n\t\t<img src=\"https:\/\/rna.ao\/rna.ao\/wp-content\/uploads\/2021\/02\/Paulo-Alves-IGAE-100x100.gif\" alt=\"cover\">\t\t<span \t\t\tdata-qtmplayer-cover=\"https:\/\/rna.ao\/rna.ao\/wp-content\/uploads\/2021\/02\/Paulo-Alves-IGAE.gif\"\n\t\t\t\t\t\tdata-qtmplayer-file=\"https:\/\/rna.ao\/rna.ao\/wp-content\/uploads\/2021\/02\/DARIO-CASTRO-20-HRS.mp3\"\n\t\t\t\t\t\tdata-qtmplayer-title=\"IGAE abre delega\u00e7\u00f5es em todas as prov\u00edncias para intensificar o combate a corrup\u00e7\u00e3o\"\n\t\t\t\t\t\tdata-qtmplayer-artist=\"RNA\"\n\t\t\t\t\t\tdata-qtmplayer-link=\"https:\/\/rna.ao\/rna.ao\/2021\/02\/27\/igae-abre-delegacoes-em-todas-as-provincias-para-intensificar-o-combate-a-corrupcao\/\"\n\t\t\t\t\t\tdata-qtmplayer-icon=\"file_download\"\n\t\t\t\t\t\tdata-qtmplayer-type=\"track\"\n\t\t\t class=\"qtmplayer-play qtmplayer-link-sec qtmplayer-play-btn\"><i class='material-icons'>play_arrow<\/i><\/span>\n\t\t<p>\n\t\t\t<span class=\"qtmplayer-tit\">IGAE abre delega\u00e7\u00f5es em todas as prov\u00edncias para intensificar o combate a corrup\u00e7\u00e3o<\/span>\n\t\t\t<span class=\"qtmplayer-art\">RNA<\/span>\n\t\t<\/p>\n\t<\/li>\n\t\t<\/ul>\n\t<\/div>\t\t\t\n\t\n<p>Fonte: RNA<\/p>\n","protected":false},"excerpt":{"rendered":"<p>A Inspec\u00e7\u00e3o Geral da Administra\u00e7\u00e3o do Estado (IGAE) estar\u00e1, brevemente, presente nas 18 prov\u00edncias do pa\u00eds. O director do gabinete jur\u00eddico e de interc\u00e2mbio da Inspec\u00e7\u00e3o Geral da Administra\u00e7\u00e3o do Estado, Paulo Alves, disse s\u00e1bado, 27 de Fevereiro, que parte dos Delegados provinciais j\u00e1 foram nomeados, para levarem avante o ...<\/p>\n","protected":false},"author":8,"featured_media":18415,"comment_status":"closed","ping_status":"closed","sticky":false,"template":"","format":"standard","meta":[],"categories":[121,163],"tags":[],"_links":{"self":[{"href":"https:\/\/rna.ao\/rna.ao\/wp-json\/wp\/v2\/posts\/18407"}],"collection":[{"href":"https:\/\/rna.ao\/rna.ao\/wp-json\/wp\/v2\/posts"}],"about":[{"href":"https:\/\/rna.ao\/rna.ao\/wp-json\/wp\/v2\/types\/post"}],"author":[{"embeddable":true,"href":"https:\/\/rna.ao\/rna.ao\/wp-json\/wp\/v2\/users\/8"}],"replies":[{"embeddable":true,"href":"https:\/\/rna.ao\/rna.ao\/wp-json\/wp\/v2\/comments?post=18407"}],"version-history":[{"count":1,"href":"https:\/\/rna.ao\/rna.ao\/wp-json\/wp\/v2\/posts\/18407\/revisions"}],"predecessor-version":[{"id":18420,"href":"https:\/\/rna.ao\/rna.ao\/wp-json\/wp\/v2\/posts\/18407\/revisions\/18420"}],"wp:featuredmedia":[{"embeddable":true,"href":"https:\/\/rna.ao\/rna.ao\/wp-json\/wp\/v2\/media\/18415"}],"wp:attachment":[{"href":"https:\/\/rna.ao\/rna.ao\/wp-json\/wp\/v2\/media?parent=18407"}],"wp:term":[{"taxonomy":"category","embeddable":true,"href":"https:\/\/rna.ao\/rna.ao\/wp-json\/wp\/v2\/categories?post=18407"},{"taxonomy":"post_tag","embeddable":true,"href":"https:\/\/rna.ao\/rna.ao\/wp-json\/wp\/v2\/tags?post=18407"}],"curies":[{"name":"wp","href":"https:\/\/api.w.org\/{rel}","templated":true}]}}