{"id":18406,"date":"2021-02-27T22:56:05","date_gmt":"2021-02-27T21:56:05","guid":{"rendered":"https:\/\/rna.ao\/rna.ao\/?p=18406"},"modified":"2021-02-27T22:56:05","modified_gmt":"2021-02-27T21:56:05","slug":"caca-furtiva-leva-ministro-da-cultura-turismo-e-ambiente-a-visitar-parque-nacional-da-quicama","status":"publish","type":"post","link":"https:\/\/rna.ao\/rna.ao\/2021\/02\/27\/caca-furtiva-leva-ministro-da-cultura-turismo-e-ambiente-a-visitar-parque-nacional-da-quicama\/","title":{"rendered":"Ca\u00e7a furtiva leva Ministro da Cultura, Turismo e Ambiente a visitar Parque Nacional da Qui\u00e7ama"},"content":{"rendered":"<p><img loading=\"lazy\" class=\"alignnone size-full wp-image-9715\" src=\"https:\/\/rna.ao\/rna.ao\/wp-content\/uploads\/2020\/10\/Jomo-Fortunato-1.jpg\" alt=\"\" width=\"640\" height=\"427\" \/><\/p>\n<p>Continua haver ca\u00e7a furtiva no Parque Nacional da Qui\u00e7ama. Preocupado com esta realidade, o Ministro da Cultura, Turismo e Ambiente, Jomo Fortunato, come\u00e7ou s\u00e1bado, 27 de Fevereiro, a visitar os 9 Parques nacionais do pa\u00eds.<\/p>\n<p>O programa de visitas do Ministro Jomo Fortunato, teve o seu in\u00edcio no Parque Nacional da Qui\u00e7ama. Ou\u00e7a, abaixo, com mais desenvolvimento na reportagem com Nelson Pedro:<\/p>\n\t<div class=\"qtmplayer-playlist-large\">\n\t\t<ul class=\"qtmplayer-playlist\">\n\t\t\t\n\t\t\t\t\t<li class=\"qtmplayer-trackitem\">\n\t\t<img src=\"https:\/\/rna.ao\/rna.ao\/wp-content\/uploads\/2020\/10\/Jomo-Fortunato-1-100x100.jpg\" alt=\"cover\">\t\t<span \t\t\tdata-qtmplayer-cover=\"https:\/\/rna.ao\/rna.ao\/wp-content\/uploads\/2020\/10\/Jomo-Fortunato-1-370x370.jpg\"\n\t\t\t\t\t\tdata-qtmplayer-file=\"https:\/\/rna.ao\/rna.ao\/wp-content\/uploads\/2021\/02\/NELSON-PEDRO-QUISSAMA-20-HRS.mp3\"\n\t\t\t\t\t\tdata-qtmplayer-title=\"Ca\u00e7a furtiva leva Ministro da Cultura, Turismo e Ambiente a visitar Parque Nacional da Qui\u00e7ama\"\n\t\t\t\t\t\tdata-qtmplayer-artist=\"RNA\"\n\t\t\t\t\t\tdata-qtmplayer-link=\"https:\/\/rna.ao\/rna.ao\/2021\/02\/27\/caca-furtiva-leva-ministro-da-cultura-turismo-e-ambiente-a-visitar-parque-nacional-da-quicama\/\"\n\t\t\t\t\t\tdata-qtmplayer-icon=\"file_download\"\n\t\t\t\t\t\tdata-qtmplayer-type=\"track\"\n\t\t\t class=\"qtmplayer-play qtmplayer-link-sec qtmplayer-play-btn\"><i class='material-icons'>play_arrow<\/i><\/span>\n\t\t<p>\n\t\t\t<span class=\"qtmplayer-tit\">Ca\u00e7a furtiva leva Ministro da Cultura, Turismo e Ambiente a visitar Parque Nacional da Qui\u00e7ama<\/span>\n\t\t\t<span class=\"qtmplayer-art\">RNA<\/span>\n\t\t<\/p>\n\t<\/li>\n\t\t<\/ul>\n\t<\/div>\t\t\t\n\t\n<p>Fonte: RNA<\/p>\n","protected":false},"excerpt":{"rendered":"<p>Continua haver ca\u00e7a furtiva no Parque Nacional da Qui\u00e7ama. Preocupado com esta realidade, o Ministro da Cultura, Turismo e Ambiente, Jomo Fortunato, come\u00e7ou s\u00e1bado, 27 de Fevereiro, a visitar os 9 Parques nacionais do pa\u00eds. O programa de visitas do Ministro Jomo Fortunato, teve o seu in\u00edcio no Parque Nacional ...<\/p>\n","protected":false},"author":8,"featured_media":9715,"comment_status":"closed","ping_status":"closed","sticky":false,"template":"","format":"standard","meta":[],"categories":[121,163],"tags":[],"_links":{"self":[{"href":"https:\/\/rna.ao\/rna.ao\/wp-json\/wp\/v2\/posts\/18406"}],"collection":[{"href":"https:\/\/rna.ao\/rna.ao\/wp-json\/wp\/v2\/posts"}],"about":[{"href":"https:\/\/rna.ao\/rna.ao\/wp-json\/wp\/v2\/types\/post"}],"author":[{"embeddable":true,"href":"https:\/\/rna.ao\/rna.ao\/wp-json\/wp\/v2\/users\/8"}],"replies":[{"embeddable":true,"href":"https:\/\/rna.ao\/rna.ao\/wp-json\/wp\/v2\/comments?post=18406"}],"version-history":[{"count":1,"href":"https:\/\/rna.ao\/rna.ao\/wp-json\/wp\/v2\/posts\/18406\/revisions"}],"predecessor-version":[{"id":18419,"href":"https:\/\/rna.ao\/rna.ao\/wp-json\/wp\/v2\/posts\/18406\/revisions\/18419"}],"wp:featuredmedia":[{"embeddable":true,"href":"https:\/\/rna.ao\/rna.ao\/wp-json\/wp\/v2\/media\/9715"}],"wp:attachment":[{"href":"https:\/\/rna.ao\/rna.ao\/wp-json\/wp\/v2\/media?parent=18406"}],"wp:term":[{"taxonomy":"category","embeddable":true,"href":"https:\/\/rna.ao\/rna.ao\/wp-json\/wp\/v2\/categories?post=18406"},{"taxonomy":"post_tag","embeddable":true,"href":"https:\/\/rna.ao\/rna.ao\/wp-json\/wp\/v2\/tags?post=18406"}],"curies":[{"name":"wp","href":"https:\/\/api.w.org\/{rel}","templated":true}]}}