{"id":18405,"date":"2021-02-27T22:55:42","date_gmt":"2021-02-27T21:55:42","guid":{"rendered":"https:\/\/rna.ao\/rna.ao\/?p=18405"},"modified":"2021-02-27T22:55:42","modified_gmt":"2021-02-27T21:55:42","slug":"malanje-dos-131-projectos-do-piim-42-ficam-concluidos-brevemente","status":"publish","type":"post","link":"https:\/\/rna.ao\/rna.ao\/2021\/02\/27\/malanje-dos-131-projectos-do-piim-42-ficam-concluidos-brevemente\/","title":{"rendered":"Malanje: Dos 131 projectos do PIIM 42 ficam conclu\u00eddos brevemente"},"content":{"rendered":"<p><img loading=\"lazy\" class=\"size-full wp-image-11476 alignleft\" src=\"https:\/\/rna.ao\/rna.ao\/wp-content\/uploads\/2020\/11\/Aia-Eza-Nacilia-Gomes-da-Silva.jpg\" alt=\"\" width=\"275\" height=\"183\" \/>A Secret\u00e1ria de Estado para Or\u00e7amento e Investimento Publico, Aia Eza da Silva, diz que n\u00e3o h\u00e1 atrasos no pagamento das obras do Programa Integrado de Interven\u00e7\u00e3o nos Munic\u00edpios (PIIM), em Malange.<\/p>\n<p>Aia Eza da Silva foi \u00e0 Malange constatar o grau de execu\u00e7\u00e3o dos projectos do Plano Integrado de Interven\u00e7\u00e3o nos Munic\u00edpios. Clique no \u00e1udio, abaixo, e ou\u00e7a com mais desenvolvimento na reportagem com Jos\u00e9 Jamona:<\/p>\n\t<div class=\"qtmplayer-playlist-large\">\n\t\t<ul class=\"qtmplayer-playlist\">\n\t\t\t\n\t\t\t\t\t<li class=\"qtmplayer-trackitem\">\n\t\t<img src=\"https:\/\/rna.ao\/rna.ao\/wp-content\/uploads\/2020\/11\/Aia-Eza-Nacilia-Gomes-da-Silva-100x100.jpg\" alt=\"cover\">\t\t<span \t\t\tdata-qtmplayer-cover=\"https:\/\/rna.ao\/rna.ao\/wp-content\/uploads\/2020\/11\/Aia-Eza-Nacilia-Gomes-da-Silva.jpg\"\n\t\t\t\t\t\tdata-qtmplayer-file=\"https:\/\/rna.ao\/rna.ao\/wp-content\/uploads\/2021\/02\/MALANJE-PIM-20-HRS.mp3\"\n\t\t\t\t\t\tdata-qtmplayer-title=\"Malanje: Dos 131 projectos do PIIM 42 ficam conclu\u00eddos brevemente\"\n\t\t\t\t\t\tdata-qtmplayer-artist=\"RNA\"\n\t\t\t\t\t\tdata-qtmplayer-link=\"https:\/\/rna.ao\/rna.ao\/2021\/02\/27\/malanje-dos-131-projectos-do-piim-42-ficam-concluidos-brevemente\/\"\n\t\t\t\t\t\tdata-qtmplayer-icon=\"file_download\"\n\t\t\t\t\t\tdata-qtmplayer-type=\"track\"\n\t\t\t class=\"qtmplayer-play qtmplayer-link-sec qtmplayer-play-btn\"><i class='material-icons'>play_arrow<\/i><\/span>\n\t\t<p>\n\t\t\t<span class=\"qtmplayer-tit\">Malanje: Dos 131 projectos do PIIM 42 ficam conclu\u00eddos brevemente<\/span>\n\t\t\t<span class=\"qtmplayer-art\">RNA<\/span>\n\t\t<\/p>\n\t<\/li>\n\t\t<\/ul>\n\t<\/div>\t\t\t\n\t\n<p>Fonte: RNA<\/p>\n","protected":false},"excerpt":{"rendered":"<p>A Secret\u00e1ria de Estado para Or\u00e7amento e Investimento Publico, Aia Eza da Silva, diz que n\u00e3o h\u00e1 atrasos no pagamento das obras do Programa Integrado de Interven\u00e7\u00e3o nos Munic\u00edpios (PIIM), em Malange. Aia Eza da Silva foi \u00e0 Malange constatar o grau de execu\u00e7\u00e3o dos projectos do Plano Integrado de ...<\/p>\n","protected":false},"author":8,"featured_media":11476,"comment_status":"closed","ping_status":"closed","sticky":false,"template":"","format":"standard","meta":[],"categories":[121,163],"tags":[],"_links":{"self":[{"href":"https:\/\/rna.ao\/rna.ao\/wp-json\/wp\/v2\/posts\/18405"}],"collection":[{"href":"https:\/\/rna.ao\/rna.ao\/wp-json\/wp\/v2\/posts"}],"about":[{"href":"https:\/\/rna.ao\/rna.ao\/wp-json\/wp\/v2\/types\/post"}],"author":[{"embeddable":true,"href":"https:\/\/rna.ao\/rna.ao\/wp-json\/wp\/v2\/users\/8"}],"replies":[{"embeddable":true,"href":"https:\/\/rna.ao\/rna.ao\/wp-json\/wp\/v2\/comments?post=18405"}],"version-history":[{"count":1,"href":"https:\/\/rna.ao\/rna.ao\/wp-json\/wp\/v2\/posts\/18405\/revisions"}],"predecessor-version":[{"id":18418,"href":"https:\/\/rna.ao\/rna.ao\/wp-json\/wp\/v2\/posts\/18405\/revisions\/18418"}],"wp:featuredmedia":[{"embeddable":true,"href":"https:\/\/rna.ao\/rna.ao\/wp-json\/wp\/v2\/media\/11476"}],"wp:attachment":[{"href":"https:\/\/rna.ao\/rna.ao\/wp-json\/wp\/v2\/media?parent=18405"}],"wp:term":[{"taxonomy":"category","embeddable":true,"href":"https:\/\/rna.ao\/rna.ao\/wp-json\/wp\/v2\/categories?post=18405"},{"taxonomy":"post_tag","embeddable":true,"href":"https:\/\/rna.ao\/rna.ao\/wp-json\/wp\/v2\/tags?post=18405"}],"curies":[{"name":"wp","href":"https:\/\/api.w.org\/{rel}","templated":true}]}}