{"id":18381,"date":"2021-02-27T08:16:08","date_gmt":"2021-02-27T07:16:08","guid":{"rendered":"https:\/\/rna.ao\/rna.ao\/?p=18381"},"modified":"2021-02-27T23:27:05","modified_gmt":"2021-02-27T22:27:05","slug":"bie-populacao-incendeia-casa-do-soba-de-catabola-por-alegadas-praticas-de-feiticaria","status":"publish","type":"post","link":"https:\/\/rna.ao\/rna.ao\/2021\/02\/27\/bie-populacao-incendeia-casa-do-soba-de-catabola-por-alegadas-praticas-de-feiticaria\/","title":{"rendered":"Bi\u00e9: Popula\u00e7\u00e3o incendeia casa do Soba de Catabola por alegadas pr\u00e1ticas de feiti\u00e7aria"},"content":{"rendered":"<p><img loading=\"lazy\" class=\" wp-image-10297 alignleft\" src=\"https:\/\/rna.ao\/rna.ao\/wp-content\/uploads\/2020\/11\/Incendio-Casa.jpg\" alt=\"\" width=\"244\" height=\"163\" \/>No Munic\u00edpio de Catabola, na Prov\u00edncia do Bi\u00e9, o Soba da Aldeia de Tchipulula viu a sua casa incendiada, pela popula\u00e7\u00e3o que o acusa de pr\u00e1ticas reiteradas de feiti\u00e7aria. Toda hist\u00f3ria na reportagem, abaixo, com Martinho Anselmo Kanequela:<\/p>\n\t<div class=\"qtmplayer-playlist-large\">\n\t\t<ul class=\"qtmplayer-playlist\">\n\t\t\t\n\t\t\t\t\t<li class=\"qtmplayer-trackitem\">\n\t\t<img src=\"https:\/\/rna.ao\/rna.ao\/wp-content\/uploads\/2020\/11\/Incendio-Casa-100x100.jpg\" alt=\"cover\">\t\t<span \t\t\tdata-qtmplayer-cover=\"https:\/\/rna.ao\/rna.ao\/wp-content\/uploads\/2020\/11\/Incendio-Casa.jpg\"\n\t\t\t\t\t\tdata-qtmplayer-file=\"https:\/\/rna.ao\/rna.ao\/wp-content\/uploads\/2021\/02\/BIE-SOBA-ACUSADO-DE-FEITICEIRO-07HS.mp3\"\n\t\t\t\t\t\tdata-qtmplayer-title=\"Bi\u00e9: Popula\u00e7\u00e3o incendeia casa do Soba de Catabola por alegadas pr\u00e1ticas de feiti\u00e7aria\"\n\t\t\t\t\t\tdata-qtmplayer-artist=\"RNA\"\n\t\t\t\t\t\tdata-qtmplayer-link=\"https:\/\/rna.ao\/rna.ao\/2021\/02\/27\/bie-populacao-incendeia-casa-do-soba-de-catabola-por-alegadas-praticas-de-feiticaria\/\"\n\t\t\t\t\t\tdata-qtmplayer-icon=\"file_download\"\n\t\t\t\t\t\tdata-qtmplayer-type=\"track\"\n\t\t\t class=\"qtmplayer-play qtmplayer-link-sec qtmplayer-play-btn\"><i class='material-icons'>play_arrow<\/i><\/span>\n\t\t<p>\n\t\t\t<span class=\"qtmplayer-tit\">Bi\u00e9: Popula\u00e7\u00e3o incendeia casa do Soba de Catabola por alegadas pr\u00e1ticas de feiti\u00e7aria<\/span>\n\t\t\t<span class=\"qtmplayer-art\">RNA<\/span>\n\t\t<\/p>\n\t<\/li>\n\t\t<\/ul>\n\t<\/div>\t\t\t\n\t\n<p>Fonte: RNA<\/p>\n","protected":false},"excerpt":{"rendered":"<p>No Munic\u00edpio de Catabola, na Prov\u00edncia do Bi\u00e9, o Soba da Aldeia de Tchipulula viu a sua casa incendiada, pela popula\u00e7\u00e3o que o acusa de pr\u00e1ticas reiteradas de feiti\u00e7aria. Toda hist\u00f3ria na reportagem, abaixo, com Martinho Anselmo Kanequela: Fonte: RNA<\/p>\n","protected":false},"author":8,"featured_media":10297,"comment_status":"closed","ping_status":"closed","sticky":false,"template":"","format":"standard","meta":[],"categories":[142,164,163],"tags":[],"_links":{"self":[{"href":"https:\/\/rna.ao\/rna.ao\/wp-json\/wp\/v2\/posts\/18381"}],"collection":[{"href":"https:\/\/rna.ao\/rna.ao\/wp-json\/wp\/v2\/posts"}],"about":[{"href":"https:\/\/rna.ao\/rna.ao\/wp-json\/wp\/v2\/types\/post"}],"author":[{"embeddable":true,"href":"https:\/\/rna.ao\/rna.ao\/wp-json\/wp\/v2\/users\/8"}],"replies":[{"embeddable":true,"href":"https:\/\/rna.ao\/rna.ao\/wp-json\/wp\/v2\/comments?post=18381"}],"version-history":[{"count":1,"href":"https:\/\/rna.ao\/rna.ao\/wp-json\/wp\/v2\/posts\/18381\/revisions"}],"predecessor-version":[{"id":18383,"href":"https:\/\/rna.ao\/rna.ao\/wp-json\/wp\/v2\/posts\/18381\/revisions\/18383"}],"wp:featuredmedia":[{"embeddable":true,"href":"https:\/\/rna.ao\/rna.ao\/wp-json\/wp\/v2\/media\/10297"}],"wp:attachment":[{"href":"https:\/\/rna.ao\/rna.ao\/wp-json\/wp\/v2\/media?parent=18381"}],"wp:term":[{"taxonomy":"category","embeddable":true,"href":"https:\/\/rna.ao\/rna.ao\/wp-json\/wp\/v2\/categories?post=18381"},{"taxonomy":"post_tag","embeddable":true,"href":"https:\/\/rna.ao\/rna.ao\/wp-json\/wp\/v2\/tags?post=18381"}],"curies":[{"name":"wp","href":"https:\/\/api.w.org\/{rel}","templated":true}]}}