{"id":18374,"date":"2021-02-27T08:01:03","date_gmt":"2021-02-27T07:01:03","guid":{"rendered":"https:\/\/rna.ao\/rna.ao\/?p=18374"},"modified":"2021-02-27T08:01:03","modified_gmt":"2021-02-27T07:01:03","slug":"titular-do-minttics-trabalha-no-bengo-para-radiografar-funcionamento-do-sector","status":"publish","type":"post","link":"https:\/\/rna.ao\/rna.ao\/2021\/02\/27\/titular-do-minttics-trabalha-no-bengo-para-radiografar-funcionamento-do-sector\/","title":{"rendered":"Titular do MINTTICS trabalha no Bengo para radiografar funcionamento do sector"},"content":{"rendered":"<p><img loading=\"lazy\" class=\" wp-image-8530 alignleft\" src=\"https:\/\/rna.ao\/rna.ao\/wp-content\/uploads\/2020\/10\/manuel_homem-minttics.jpg\" alt=\"\" width=\"278\" height=\"271\" \/>O Ministro das Telecomunica\u00e7\u00f5es, Tecnologias e Informa\u00e7\u00e3o e Comunica\u00e7\u00e3o Social, Manuel Homem, efectua este s\u00e1bado, 27 de Fevereiro, uma visita de trabalho \u00e0 Prov\u00edncia do Bengo.<\/p>\n<p>Manuel Homem, que se faz acompanhar pelos presidentes dos Conselhos de Administra\u00e7\u00e3o da TPA, Angop, Jornal de Angola, Angola Telecom e R\u00e1dio Nacional de Angola, ser\u00e1 recebido pela Governadora do Bengo, Mara Kiosa.<\/p>\n<p>A expans\u00e3o e a melhoria da qualidade dos sinais das telecomunica\u00e7\u00f5es, da R\u00e1dio e Televis\u00e3o na Prov\u00edncia, s\u00e3o, dentre outros, os objectivos da visita do Ministro das telecomunica\u00e7\u00f5es, Tecnologias de Informa\u00e7\u00e3o e Comunica\u00e7\u00e3o Social ao Bengo. Ou\u00e7a, abaixo, com mais desenvolvimento na reportagem com Eduardo Mota:<\/p>\n\t<div class=\"qtmplayer-playlist-large\">\n\t\t<ul class=\"qtmplayer-playlist\">\n\t\t\t\n\t\t\t\t\t<li class=\"qtmplayer-trackitem\">\n\t\t<img src=\"https:\/\/rna.ao\/rna.ao\/wp-content\/uploads\/2020\/10\/manuel_homem-minttics-100x100.jpg\" alt=\"cover\">\t\t<span \t\t\tdata-qtmplayer-cover=\"https:\/\/rna.ao\/rna.ao\/wp-content\/uploads\/2020\/10\/manuel_homem-minttics-370x370.jpg\"\n\t\t\t\t\t\tdata-qtmplayer-file=\"https:\/\/rna.ao\/rna.ao\/wp-content\/uploads\/2021\/02\/BENGO-MINISTRO-TELECOMUNICACOES-07HS.mp3\"\n\t\t\t\t\t\tdata-qtmplayer-title=\"Titular do MINTTICS trabalha no Bengo para radiografar funcionamento do sector\"\n\t\t\t\t\t\tdata-qtmplayer-artist=\"RNA\"\n\t\t\t\t\t\tdata-qtmplayer-link=\"https:\/\/rna.ao\/rna.ao\/2021\/02\/27\/titular-do-minttics-trabalha-no-bengo-para-radiografar-funcionamento-do-sector\/\"\n\t\t\t\t\t\tdata-qtmplayer-icon=\"file_download\"\n\t\t\t\t\t\tdata-qtmplayer-type=\"track\"\n\t\t\t class=\"qtmplayer-play qtmplayer-link-sec qtmplayer-play-btn\"><i class='material-icons'>play_arrow<\/i><\/span>\n\t\t<p>\n\t\t\t<span class=\"qtmplayer-tit\">Titular do MINTTICS trabalha no Bengo para radiografar funcionamento do sector<\/span>\n\t\t\t<span class=\"qtmplayer-art\">RNA<\/span>\n\t\t<\/p>\n\t<\/li>\n\t\t<\/ul>\n\t<\/div>\t\t\t\n\t\n<p>Fonte: RNA<\/p>\n","protected":false},"excerpt":{"rendered":"<p>O Ministro das Telecomunica\u00e7\u00f5es, Tecnologias e Informa\u00e7\u00e3o e Comunica\u00e7\u00e3o Social, Manuel Homem, efectua este s\u00e1bado, 27 de Fevereiro, uma visita de trabalho \u00e0 Prov\u00edncia do Bengo. Manuel Homem, que se faz acompanhar pelos presidentes dos Conselhos de Administra\u00e7\u00e3o da TPA, Angop, Jornal de Angola, Angola Telecom e R\u00e1dio Nacional de ...<\/p>\n","protected":false},"author":8,"featured_media":8530,"comment_status":"closed","ping_status":"closed","sticky":false,"template":"","format":"standard","meta":[],"categories":[121,163],"tags":[],"_links":{"self":[{"href":"https:\/\/rna.ao\/rna.ao\/wp-json\/wp\/v2\/posts\/18374"}],"collection":[{"href":"https:\/\/rna.ao\/rna.ao\/wp-json\/wp\/v2\/posts"}],"about":[{"href":"https:\/\/rna.ao\/rna.ao\/wp-json\/wp\/v2\/types\/post"}],"author":[{"embeddable":true,"href":"https:\/\/rna.ao\/rna.ao\/wp-json\/wp\/v2\/users\/8"}],"replies":[{"embeddable":true,"href":"https:\/\/rna.ao\/rna.ao\/wp-json\/wp\/v2\/comments?post=18374"}],"version-history":[{"count":1,"href":"https:\/\/rna.ao\/rna.ao\/wp-json\/wp\/v2\/posts\/18374\/revisions"}],"predecessor-version":[{"id":18376,"href":"https:\/\/rna.ao\/rna.ao\/wp-json\/wp\/v2\/posts\/18374\/revisions\/18376"}],"wp:featuredmedia":[{"embeddable":true,"href":"https:\/\/rna.ao\/rna.ao\/wp-json\/wp\/v2\/media\/8530"}],"wp:attachment":[{"href":"https:\/\/rna.ao\/rna.ao\/wp-json\/wp\/v2\/media?parent=18374"}],"wp:term":[{"taxonomy":"category","embeddable":true,"href":"https:\/\/rna.ao\/rna.ao\/wp-json\/wp\/v2\/categories?post=18374"},{"taxonomy":"post_tag","embeddable":true,"href":"https:\/\/rna.ao\/rna.ao\/wp-json\/wp\/v2\/tags?post=18374"}],"curies":[{"name":"wp","href":"https:\/\/api.w.org\/{rel}","templated":true}]}}