{"id":181401,"date":"2025-06-09T11:00:55","date_gmt":"2025-06-09T10:00:55","guid":{"rendered":"https:\/\/rna.ao\/rna.ao\/?p=181401"},"modified":"2025-06-09T11:13:49","modified_gmt":"2025-06-09T10:13:49","slug":"ministro-do-interior-enaltece-bravura-de-jovem-que-salvou-vitimas-em-viana","status":"publish","type":"post","link":"https:\/\/rna.ao\/rna.ao\/2025\/06\/09\/ministro-do-interior-enaltece-bravura-de-jovem-que-salvou-vitimas-em-viana\/","title":{"rendered":"Ministro do Interior enaltece bravura de jovem que salvou v\u00edtimas em Viana"},"content":{"rendered":"<p><img loading=\"lazy\" class=\"alignnone size-medium wp-image-181403\" src=\"https:\/\/rna.ao\/rna.ao\/wp-content\/uploads\/2025\/06\/IMG_2847-770x514.jpeg\" alt=\"\" width=\"770\" height=\"514\" srcset=\"https:\/\/rna.ao\/rna.ao\/wp-content\/uploads\/2025\/06\/IMG_2847-770x514.jpeg 770w, https:\/\/rna.ao\/rna.ao\/wp-content\/uploads\/2025\/06\/IMG_2847-1170x780.jpeg 1170w, https:\/\/rna.ao\/rna.ao\/wp-content\/uploads\/2025\/06\/IMG_2847-768x512.jpeg 768w, https:\/\/rna.ao\/rna.ao\/wp-content\/uploads\/2025\/06\/IMG_2847-1536x1025.jpeg 1536w, https:\/\/rna.ao\/rna.ao\/wp-content\/uploads\/2025\/06\/IMG_2847.jpeg 2048w\" sizes=\"(max-width: 770px) 100vw, 770px\" \/>O Ministro do Interior, Manuel Homem, enalteceu publicamente a coragem do jovem Mateus Domingos Oficial, conhecido como \u201cMatilson\u201d, de 17 anos, que participou activamente nas ac\u00e7\u00f5es de socorro \u00e0s v\u00edtimas do recente acidente de via\u00e7\u00e3o ocorrido em Viana, em Luanda.<\/p>\n<p>Num texto publicado nas suas contas oficiais do Facebook e Instagram, o governante destacou o papel dos efectivos da Pol\u00edcia Nacional e do Servi\u00e7o de Protec\u00e7\u00e3o Civil e Bombeiros, bem como o aux\u00edlio de jovens como Mateus, cujas ac\u00e7\u00f5es foram descritas como \u201cde elevado simbolismo moral e c\u00edvico\u201d, contribuindo para evitar a perda de mais vidas humanas.<\/p>\n<p>Como reconhecimento pela sua bravura e a pedido da fam\u00edlia, Mateus ser\u00e1 integrado no Col\u00e9gio de Pol\u00edcia Comandante Jos\u00e9 Alfredo \u201cEkuikui\u201d, onde passar\u00e1 a receber orienta\u00e7\u00e3o e acompanhamento para o seu crescimento integral.<\/p>\n<p>\u201cLouvo a bravura dos efectivos envolvidos na opera\u00e7\u00e3o\u201d, escreveu o Ministro, que tamb\u00e9m expressou solidariedade \u00e0s v\u00edtimas do sinistro, desejando r\u00e1pidas melhoras aos que se encontram hospitalizados.<\/p>\n","protected":false},"excerpt":{"rendered":"<p>O Ministro do Interior, Manuel Homem, enalteceu publicamente a coragem do jovem Mateus Domingos Oficial, conhecido como \u201cMatilson\u201d, de 17 anos, que participou activamente nas ac\u00e7\u00f5es de socorro \u00e0s v\u00edtimas do recente acidente de via\u00e7\u00e3o ocorrido em Viana, em Luanda. Num texto publicado nas suas contas oficiais do Facebook e ...<\/p>\n","protected":false},"author":9,"featured_media":181402,"comment_status":"closed","ping_status":"closed","sticky":false,"template":"","format":"standard","meta":[],"categories":[142,121,164,163],"tags":[],"_links":{"self":[{"href":"https:\/\/rna.ao\/rna.ao\/wp-json\/wp\/v2\/posts\/181401"}],"collection":[{"href":"https:\/\/rna.ao\/rna.ao\/wp-json\/wp\/v2\/posts"}],"about":[{"href":"https:\/\/rna.ao\/rna.ao\/wp-json\/wp\/v2\/types\/post"}],"author":[{"embeddable":true,"href":"https:\/\/rna.ao\/rna.ao\/wp-json\/wp\/v2\/users\/9"}],"replies":[{"embeddable":true,"href":"https:\/\/rna.ao\/rna.ao\/wp-json\/wp\/v2\/comments?post=181401"}],"version-history":[{"count":1,"href":"https:\/\/rna.ao\/rna.ao\/wp-json\/wp\/v2\/posts\/181401\/revisions"}],"predecessor-version":[{"id":181404,"href":"https:\/\/rna.ao\/rna.ao\/wp-json\/wp\/v2\/posts\/181401\/revisions\/181404"}],"wp:featuredmedia":[{"embeddable":true,"href":"https:\/\/rna.ao\/rna.ao\/wp-json\/wp\/v2\/media\/181402"}],"wp:attachment":[{"href":"https:\/\/rna.ao\/rna.ao\/wp-json\/wp\/v2\/media?parent=181401"}],"wp:term":[{"taxonomy":"category","embeddable":true,"href":"https:\/\/rna.ao\/rna.ao\/wp-json\/wp\/v2\/categories?post=181401"},{"taxonomy":"post_tag","embeddable":true,"href":"https:\/\/rna.ao\/rna.ao\/wp-json\/wp\/v2\/tags?post=181401"}],"curies":[{"name":"wp","href":"https:\/\/api.w.org\/{rel}","templated":true}]}}