{"id":181383,"date":"2025-06-09T09:27:07","date_gmt":"2025-06-09T08:27:07","guid":{"rendered":"https:\/\/rna.ao\/rna.ao\/?p=181383"},"modified":"2025-06-09T09:29:31","modified_gmt":"2025-06-09T08:29:31","slug":"terceira-fase-dos-exames-nacionais-arranca-hoje-para-os-alunos-da-sexta-e-nona-classes","status":"publish","type":"post","link":"https:\/\/rna.ao\/rna.ao\/2025\/06\/09\/terceira-fase-dos-exames-nacionais-arranca-hoje-para-os-alunos-da-sexta-e-nona-classes\/","title":{"rendered":"Terceira fase dos exames nacionais arranca hoje para os alunos da sexta e nona classes"},"content":{"rendered":"<p><img loading=\"lazy\" class=\"alignnone size-full wp-image-102453\" src=\"https:\/\/rna.ao\/rna.ao\/wp-content\/uploads\/2023\/05\/alunos_universitarios_9261100706198b63b14ee3.jpg\" alt=\"\" width=\"620\" height=\"355\" \/><\/p>\n<p>Arranca hoje em todo pa\u00eds a terceira fase de generaliza\u00e7\u00e3o dos exames nacionais. Estes exames ser\u00e3o aplicados aos alunos da sexta e nona classes de escolas p\u00fablicas e privadas.<\/p>\n<p>O chefe de Departamento da avalia\u00e7\u00e3o e garantia de qualidade do Instituto Nacional de avalia\u00e7\u00e3o e desenvolvimento da Educa\u00e7\u00e3o, H\u00e9lio dos Santos, assegura que est\u00e3o criadas as condi\u00e7\u00f5es para a realiza\u00e7\u00e3o dos exames. Clique no \u00e1udio abaixo e ou\u00e7a:<\/p>\n\t<div class=\"qtmplayer-playlist-large\">\n\t\t<ul class=\"qtmplayer-playlist\">\n\t\t\t\n\t\t\t\t\t<li class=\"qtmplayer-trackitem\">\n\t\t<img src=\"https:\/\/rna.ao\/rna.ao\/wp-content\/uploads\/2025\/06\/alunos_universitarios_9261100706198b63b14ee3-100x100.jpg\" alt=\"cover\">\t\t<span \t\t\tdata-qtmplayer-cover=\"https:\/\/rna.ao\/rna.ao\/wp-content\/uploads\/2025\/06\/alunos_universitarios_9261100706198b63b14ee3.jpg\"\n\t\t\t\t\t\tdata-qtmplayer-file=\"https:\/\/rna.ao\/rna.ao\/wp-content\/uploads\/2025\/06\/HELIO-DOS-SANTOS-7HRS.mp3\"\n\t\t\t\t\t\tdata-qtmplayer-title=\"Terceira fase dos exames nacionais arranca hoje para os alunos da sexta e nona classes\"\n\t\t\t\t\t\tdata-qtmplayer-artist=\"Patr\u00edcia Campos\"\n\t\t\t\t\t\tdata-qtmplayer-link=\"https:\/\/rna.ao\/rna.ao\/2025\/06\/09\/terceira-fase-dos-exames-nacionais-arranca-hoje-para-os-alunos-da-sexta-e-nona-classes\/\"\n\t\t\t\t\t\tdata-qtmplayer-icon=\"file_download\"\n\t\t\t\t\t\tdata-qtmplayer-type=\"track\"\n\t\t\t class=\"qtmplayer-play qtmplayer-link-sec qtmplayer-play-btn\"><i class='material-icons'>play_arrow<\/i><\/span>\n\t\t<p>\n\t\t\t<span class=\"qtmplayer-tit\">Terceira fase dos exames nacionais arranca hoje para os alunos da sexta e nona classes<\/span>\n\t\t\t<span class=\"qtmplayer-art\">Patr\u00edcia Campos<\/span>\n\t\t<\/p>\n\t<\/li>\n\t\t<\/ul>\n\t<\/div>\t\t\t\n\t\n<p>&nbsp;<\/p>\n","protected":false},"excerpt":{"rendered":"<p>Arranca hoje em todo pa\u00eds a terceira fase de generaliza\u00e7\u00e3o dos exames nacionais. Estes exames ser\u00e3o aplicados aos alunos da sexta e nona classes de escolas p\u00fablicas e privadas. O chefe de Departamento da avalia\u00e7\u00e3o e garantia de qualidade do Instituto Nacional de avalia\u00e7\u00e3o e desenvolvimento da Educa\u00e7\u00e3o, H\u00e9lio dos ...<\/p>\n","protected":false},"author":21,"featured_media":181388,"comment_status":"closed","ping_status":"closed","sticky":false,"template":"","format":"standard","meta":[],"categories":[142,121,164,163],"tags":[],"_links":{"self":[{"href":"https:\/\/rna.ao\/rna.ao\/wp-json\/wp\/v2\/posts\/181383"}],"collection":[{"href":"https:\/\/rna.ao\/rna.ao\/wp-json\/wp\/v2\/posts"}],"about":[{"href":"https:\/\/rna.ao\/rna.ao\/wp-json\/wp\/v2\/types\/post"}],"author":[{"embeddable":true,"href":"https:\/\/rna.ao\/rna.ao\/wp-json\/wp\/v2\/users\/21"}],"replies":[{"embeddable":true,"href":"https:\/\/rna.ao\/rna.ao\/wp-json\/wp\/v2\/comments?post=181383"}],"version-history":[{"count":1,"href":"https:\/\/rna.ao\/rna.ao\/wp-json\/wp\/v2\/posts\/181383\/revisions"}],"predecessor-version":[{"id":181385,"href":"https:\/\/rna.ao\/rna.ao\/wp-json\/wp\/v2\/posts\/181383\/revisions\/181385"}],"wp:featuredmedia":[{"embeddable":true,"href":"https:\/\/rna.ao\/rna.ao\/wp-json\/wp\/v2\/media\/181388"}],"wp:attachment":[{"href":"https:\/\/rna.ao\/rna.ao\/wp-json\/wp\/v2\/media?parent=181383"}],"wp:term":[{"taxonomy":"category","embeddable":true,"href":"https:\/\/rna.ao\/rna.ao\/wp-json\/wp\/v2\/categories?post=181383"},{"taxonomy":"post_tag","embeddable":true,"href":"https:\/\/rna.ao\/rna.ao\/wp-json\/wp\/v2\/tags?post=181383"}],"curies":[{"name":"wp","href":"https:\/\/api.w.org\/{rel}","templated":true}]}}