{"id":181342,"date":"2025-06-09T07:30:57","date_gmt":"2025-06-09T06:30:57","guid":{"rendered":"https:\/\/rna.ao\/rna.ao\/?p=181342"},"modified":"2025-06-08T11:52:39","modified_gmt":"2025-06-08T10:52:39","slug":"as-mais-lidas-da-semana-13","status":"publish","type":"post","link":"https:\/\/rna.ao\/rna.ao\/2025\/06\/09\/as-mais-lidas-da-semana-13\/","title":{"rendered":"As mais lidas da semana"},"content":{"rendered":"<blockquote class=\"wp-embedded-content\" data-secret=\"jNpozsHNff\"><p><a href=\"https:\/\/rna.ao\/rna.ao\/2025\/06\/02\/luanda-dois-cidadaos-detidos-por-envolvimento-em-emissao-de-vistos-falsos-e-burla-de-mais-de-36-milhoes-de-kwanzas\/\">Luanda. Dois cidad\u00e3os detidos por envolvimento em emiss\u00e3o de vistos falsos e burla de mais de 36 milh\u00f5es de kwanzas<\/a><\/p><\/blockquote>\n<p><iframe class=\"wp-embedded-content\" sandbox=\"allow-scripts\" security=\"restricted\" style=\"position: absolute; clip: rect(1px, 1px, 1px, 1px);\" title=\"&#8220;Luanda. Dois cidad\u00e3os detidos por envolvimento em emiss\u00e3o de vistos falsos e burla de mais de 36 milh\u00f5es de kwanzas&#8221; &#8212; RNA\" src=\"https:\/\/rna.ao\/rna.ao\/2025\/06\/02\/luanda-dois-cidadaos-detidos-por-envolvimento-em-emissao-de-vistos-falsos-e-burla-de-mais-de-36-milhoes-de-kwanzas\/embed\/#?secret=jNpozsHNff\" data-secret=\"jNpozsHNff\" width=\"600\" height=\"338\" frameborder=\"0\" marginwidth=\"0\" marginheight=\"0\" scrolling=\"no\"><\/iframe><\/p>\n<blockquote class=\"wp-embedded-content\" data-secret=\"OovuLda0uS\"><p><a href=\"https:\/\/rna.ao\/rna.ao\/2025\/06\/03\/obras-de-construcao-do-metro-de-superficie-de-luanda-comecam-em-dezembro-deste-ano-a-garantia-e-do-ministro-ricardo-dabreu\/\">Obras de constru\u00e7\u00e3o do Metro de Superf\u00edcie de Luanda come\u00e7am em dezembro deste ano. A garantia \u00e9 do ministro Ricardo D\u2019Abreu<\/a><\/p><\/blockquote>\n<p><iframe class=\"wp-embedded-content\" sandbox=\"allow-scripts\" security=\"restricted\" style=\"position: absolute; clip: rect(1px, 1px, 1px, 1px);\" title=\"&#8220;Obras de constru\u00e7\u00e3o do Metro de Superf\u00edcie de Luanda come\u00e7am em dezembro deste ano. A garantia \u00e9 do ministro Ricardo D\u2019Abreu&#8221; &#8212; RNA\" src=\"https:\/\/rna.ao\/rna.ao\/2025\/06\/03\/obras-de-construcao-do-metro-de-superficie-de-luanda-comecam-em-dezembro-deste-ano-a-garantia-e-do-ministro-ricardo-dabreu\/embed\/#?secret=OovuLda0uS\" data-secret=\"OovuLda0uS\" width=\"600\" height=\"338\" frameborder=\"0\" marginwidth=\"0\" marginheight=\"0\" scrolling=\"no\"><\/iframe><\/p>\n<blockquote class=\"wp-embedded-content\" data-secret=\"Qx2Ixkwj9L\"><p><a href=\"https:\/\/rna.ao\/rna.ao\/2025\/06\/02\/incendio-no-condominio-rosa-linda-faz-2-mortos-e-4-feridos\/\">Inc\u00eandio num edif\u00edcio do Condom\u00ednio Rosalinda em Luanda faz 2 mortos e 4 feridos<\/a><\/p><\/blockquote>\n<p><iframe class=\"wp-embedded-content\" sandbox=\"allow-scripts\" security=\"restricted\" style=\"position: absolute; clip: rect(1px, 1px, 1px, 1px);\" title=\"&#8220;Inc\u00eandio num edif\u00edcio do Condom\u00ednio Rosalinda em Luanda faz 2 mortos e 4 feridos&#8221; &#8212; RNA\" src=\"https:\/\/rna.ao\/rna.ao\/2025\/06\/02\/incendio-no-condominio-rosa-linda-faz-2-mortos-e-4-feridos\/embed\/#?secret=Qx2Ixkwj9L\" data-secret=\"Qx2Ixkwj9L\" width=\"600\" height=\"338\" frameborder=\"0\" marginwidth=\"0\" marginheight=\"0\" scrolling=\"no\"><\/iframe><\/p>\n<blockquote class=\"wp-embedded-content\" data-secret=\"OaoWX1j96g\"><p><a href=\"https:\/\/rna.ao\/rna.ao\/2025\/06\/07\/autocarro-cai-na-bacia-de-retencao-situada-junto-ao-kero-de-viana-e-faz-uma-vitima-mortal\/\">Autocarro cai na bacia de reten\u00e7\u00e3o situada junto ao Kero de Viana e faz uma v\u00edtima mortal<\/a><\/p><\/blockquote>\n<p><iframe class=\"wp-embedded-content\" sandbox=\"allow-scripts\" security=\"restricted\" style=\"position: absolute; clip: rect(1px, 1px, 1px, 1px);\" title=\"&#8220;Autocarro cai na bacia de reten\u00e7\u00e3o situada junto ao Kero de Viana e faz uma v\u00edtima mortal&#8221; &#8212; RNA\" src=\"https:\/\/rna.ao\/rna.ao\/2025\/06\/07\/autocarro-cai-na-bacia-de-retencao-situada-junto-ao-kero-de-viana-e-faz-uma-vitima-mortal\/embed\/#?secret=OaoWX1j96g\" data-secret=\"OaoWX1j96g\" width=\"600\" height=\"338\" frameborder=\"0\" marginwidth=\"0\" marginheight=\"0\" scrolling=\"no\"><\/iframe><\/p>\n<blockquote class=\"wp-embedded-content\" data-secret=\"gPoTH1LI3g\"><p><a href=\"https:\/\/rna.ao\/rna.ao\/2025\/06\/02\/ministro-do-interior-lamenta-mortes-no-incendio-do-condominio-rosa-linda-e-garante-investigacao-sobre-desaparecimento-de-pertences\/\">Ministro do Interior lamenta mortes no inc\u00eandio do Condom\u00ednio Rosalinda e garante investiga\u00e7\u00e3o sobre desaparecimento de pertences<\/a><\/p><\/blockquote>\n<p><iframe class=\"wp-embedded-content\" sandbox=\"allow-scripts\" security=\"restricted\" style=\"position: absolute; clip: rect(1px, 1px, 1px, 1px);\" title=\"&#8220;Ministro do Interior lamenta mortes no inc\u00eandio do Condom\u00ednio Rosalinda e garante investiga\u00e7\u00e3o sobre desaparecimento de pertences&#8221; &#8212; RNA\" src=\"https:\/\/rna.ao\/rna.ao\/2025\/06\/02\/ministro-do-interior-lamenta-mortes-no-incendio-do-condominio-rosa-linda-e-garante-investigacao-sobre-desaparecimento-de-pertences\/embed\/#?secret=gPoTH1LI3g\" data-secret=\"gPoTH1LI3g\" width=\"600\" height=\"338\" frameborder=\"0\" marginwidth=\"0\" marginheight=\"0\" scrolling=\"no\"><\/iframe><\/p>\n","protected":false},"excerpt":{"rendered":"<p>Luanda. Dois cidad\u00e3os detidos por envolvimento em emiss\u00e3o de vistos falsos e burla de mais de 36 milh\u00f5es de kwanzas Obras de constru\u00e7\u00e3o do Metro de Superf\u00edcie de Luanda come\u00e7am em dezembro deste ano. A garantia \u00e9 do ministro Ricardo D\u2019Abreu Inc\u00eandio num edif\u00edcio do Condom\u00ednio Rosalinda em Luanda faz ...<\/p>\n","protected":false},"author":9,"featured_media":181344,"comment_status":"closed","ping_status":"closed","sticky":false,"template":"","format":"standard","meta":[],"categories":[142,121,164,163],"tags":[],"_links":{"self":[{"href":"https:\/\/rna.ao\/rna.ao\/wp-json\/wp\/v2\/posts\/181342"}],"collection":[{"href":"https:\/\/rna.ao\/rna.ao\/wp-json\/wp\/v2\/posts"}],"about":[{"href":"https:\/\/rna.ao\/rna.ao\/wp-json\/wp\/v2\/types\/post"}],"author":[{"embeddable":true,"href":"https:\/\/rna.ao\/rna.ao\/wp-json\/wp\/v2\/users\/9"}],"replies":[{"embeddable":true,"href":"https:\/\/rna.ao\/rna.ao\/wp-json\/wp\/v2\/comments?post=181342"}],"version-history":[{"count":1,"href":"https:\/\/rna.ao\/rna.ao\/wp-json\/wp\/v2\/posts\/181342\/revisions"}],"predecessor-version":[{"id":181345,"href":"https:\/\/rna.ao\/rna.ao\/wp-json\/wp\/v2\/posts\/181342\/revisions\/181345"}],"wp:featuredmedia":[{"embeddable":true,"href":"https:\/\/rna.ao\/rna.ao\/wp-json\/wp\/v2\/media\/181344"}],"wp:attachment":[{"href":"https:\/\/rna.ao\/rna.ao\/wp-json\/wp\/v2\/media?parent=181342"}],"wp:term":[{"taxonomy":"category","embeddable":true,"href":"https:\/\/rna.ao\/rna.ao\/wp-json\/wp\/v2\/categories?post=181342"},{"taxonomy":"post_tag","embeddable":true,"href":"https:\/\/rna.ao\/rna.ao\/wp-json\/wp\/v2\/tags?post=181342"}],"curies":[{"name":"wp","href":"https:\/\/api.w.org\/{rel}","templated":true}]}}