{"id":181334,"date":"2025-06-08T09:14:18","date_gmt":"2025-06-08T08:14:18","guid":{"rendered":"https:\/\/rna.ao\/rna.ao\/?p=181334"},"modified":"2025-06-08T09:14:18","modified_gmt":"2025-06-08T08:14:18","slug":"namibe-queda-do-sistema-de-comunicacao-paralisa-emissao-do-bilhete-de-identidade-no-tombwa","status":"publish","type":"post","link":"https:\/\/rna.ao\/rna.ao\/2025\/06\/08\/namibe-queda-do-sistema-de-comunicacao-paralisa-emissao-do-bilhete-de-identidade-no-tombwa\/","title":{"rendered":"Namibe. Queda do sistema de comunica\u00e7\u00e3o paralisa emiss\u00e3o do Bilhete de Identidade no T\u00f4mbwa"},"content":{"rendered":"<p><img loading=\"lazy\" class=\"alignnone size-medium wp-image-181336\" src=\"https:\/\/rna.ao\/rna.ao\/wp-content\/uploads\/2025\/06\/IMG_4867-770x398.jpeg\" alt=\"\" width=\"770\" height=\"398\" srcset=\"https:\/\/rna.ao\/rna.ao\/wp-content\/uploads\/2025\/06\/IMG_4867-770x398.jpeg 770w, https:\/\/rna.ao\/rna.ao\/wp-content\/uploads\/2025\/06\/IMG_4867-768x397.jpeg 768w, https:\/\/rna.ao\/rna.ao\/wp-content\/uploads\/2025\/06\/IMG_4867.jpeg 800w\" sizes=\"(max-width: 770px) 100vw, 770px\" \/>A popula\u00e7\u00e3o do munic\u00edpio T\u00f4mbwa, na prov\u00edncia do Namibe, manifesta descontentamento face \u00e0 paralisa\u00e7\u00e3o dos servi\u00e7os de emiss\u00e3o do Bilhete de Identidade.<\/p>\n<p>A interrup\u00e7\u00e3o, que j\u00e1 dura h\u00e1 mais de tr\u00eas semanas, deve-se \u00e0 queda do sistema de comunica\u00e7\u00e3o, impossibilitando o atendimento normal dos cidad\u00e3os. Jornalista Ermelim Patrice. Clique no \u00e1udio e ou\u00e7a:<\/p>\n\t<div class=\"qtmplayer-playlist-large\">\n\t\t<ul class=\"qtmplayer-playlist\">\n\t\t\t\n\t\t\t\t\t<li class=\"qtmplayer-trackitem\">\n\t\t<img src=\"https:\/\/rna.ao\/rna.ao\/wp-content\/uploads\/2025\/06\/IMG_4867-100x100.jpeg\" alt=\"cover\">\t\t<span \t\t\tdata-qtmplayer-cover=\"https:\/\/rna.ao\/rna.ao\/wp-content\/uploads\/2025\/06\/IMG_4867-370x370.jpeg\"\n\t\t\t\t\t\tdata-qtmplayer-file=\"https:\/\/rna.ao\/rna.ao\/wp-content\/uploads\/2025\/06\/TOMBWUA-IDETIFICACAO-13-HRS.mp3\"\n\t\t\t\t\t\tdata-qtmplayer-title=\"Namibe. Queda do sistema de comunica\u00e7\u00e3o paralisa emiss\u00e3o do Bilhete de Identidade no T\u00f4mbwa\"\n\t\t\t\t\t\tdata-qtmplayer-artist=\"Juliana Nunes\"\n\t\t\t\t\t\tdata-qtmplayer-link=\"https:\/\/rna.ao\/rna.ao\/2025\/06\/08\/namibe-queda-do-sistema-de-comunicacao-paralisa-emissao-do-bilhete-de-identidade-no-tombwa\/\"\n\t\t\t\t\t\tdata-qtmplayer-icon=\"file_download\"\n\t\t\t\t\t\tdata-qtmplayer-type=\"track\"\n\t\t\t class=\"qtmplayer-play qtmplayer-link-sec qtmplayer-play-btn\"><i class='material-icons'>play_arrow<\/i><\/span>\n\t\t<p>\n\t\t\t<span class=\"qtmplayer-tit\">Namibe. Queda do sistema de comunica\u00e7\u00e3o paralisa emiss\u00e3o do Bilhete de Identidade no T\u00f4mbwa<\/span>\n\t\t\t<span class=\"qtmplayer-art\">Juliana Nunes<\/span>\n\t\t<\/p>\n\t<\/li>\n\t\t<\/ul>\n\t<\/div>\t\t\t\n\t\n","protected":false},"excerpt":{"rendered":"<p>A popula\u00e7\u00e3o do munic\u00edpio T\u00f4mbwa, na prov\u00edncia do Namibe, manifesta descontentamento face \u00e0 paralisa\u00e7\u00e3o dos servi\u00e7os de emiss\u00e3o do Bilhete de Identidade. A interrup\u00e7\u00e3o, que j\u00e1 dura h\u00e1 mais de tr\u00eas semanas, deve-se \u00e0 queda do sistema de comunica\u00e7\u00e3o, impossibilitando o atendimento normal dos cidad\u00e3os. Jornalista Ermelim Patrice. Clique no ...<\/p>\n","protected":false},"author":16,"featured_media":181336,"comment_status":"closed","ping_status":"closed","sticky":false,"template":"","format":"standard","meta":[],"categories":[142,121,164,163],"tags":[],"_links":{"self":[{"href":"https:\/\/rna.ao\/rna.ao\/wp-json\/wp\/v2\/posts\/181334"}],"collection":[{"href":"https:\/\/rna.ao\/rna.ao\/wp-json\/wp\/v2\/posts"}],"about":[{"href":"https:\/\/rna.ao\/rna.ao\/wp-json\/wp\/v2\/types\/post"}],"author":[{"embeddable":true,"href":"https:\/\/rna.ao\/rna.ao\/wp-json\/wp\/v2\/users\/16"}],"replies":[{"embeddable":true,"href":"https:\/\/rna.ao\/rna.ao\/wp-json\/wp\/v2\/comments?post=181334"}],"version-history":[{"count":1,"href":"https:\/\/rna.ao\/rna.ao\/wp-json\/wp\/v2\/posts\/181334\/revisions"}],"predecessor-version":[{"id":181337,"href":"https:\/\/rna.ao\/rna.ao\/wp-json\/wp\/v2\/posts\/181334\/revisions\/181337"}],"wp:featuredmedia":[{"embeddable":true,"href":"https:\/\/rna.ao\/rna.ao\/wp-json\/wp\/v2\/media\/181336"}],"wp:attachment":[{"href":"https:\/\/rna.ao\/rna.ao\/wp-json\/wp\/v2\/media?parent=181334"}],"wp:term":[{"taxonomy":"category","embeddable":true,"href":"https:\/\/rna.ao\/rna.ao\/wp-json\/wp\/v2\/categories?post=181334"},{"taxonomy":"post_tag","embeddable":true,"href":"https:\/\/rna.ao\/rna.ao\/wp-json\/wp\/v2\/tags?post=181334"}],"curies":[{"name":"wp","href":"https:\/\/api.w.org\/{rel}","templated":true}]}}