{"id":180844,"date":"2025-06-04T09:26:56","date_gmt":"2025-06-04T08:26:56","guid":{"rendered":"https:\/\/rna.ao\/rna.ao\/?p=180844"},"modified":"2025-06-04T09:26:56","modified_gmt":"2025-06-04T08:26:56","slug":"inproitec-da-cadeia-mineira-em-angola-apela-aos-industriais-deste-segmento-de-actividade-a-recorrerem-as-boas-praticas-internacionais","status":"publish","type":"post","link":"https:\/\/rna.ao\/rna.ao\/2025\/06\/04\/inproitec-da-cadeia-mineira-em-angola-apela-aos-industriais-deste-segmento-de-actividade-a-recorrerem-as-boas-praticas-internacionais\/","title":{"rendered":"INPROITEC da cadeia mineira em Angola apela aos industriais deste segmento de actividade a recorrerem \u00e0s boas pr\u00e1ticas internacionais"},"content":{"rendered":"<p><img loading=\"lazy\" class=\"size-full wp-image-180849 alignleft\" src=\"https:\/\/rna.ao\/rna.ao\/wp-content\/uploads\/2025\/06\/Instituto-de-Projectos-Industriais-e-Tecnologicos-INPROITEC.jpg\" alt=\"\" width=\"270\" height=\"187\" \/>O Instituto de Projectos Industriais e Tecnol\u00f3gicos \u201cINPROITEC\u201d, da cadeia mineira em Angola, apela aos industriais deste segmento de actividade a recorrerem \u00e0s boas pr\u00e1ticas internacionais. Segundo o Presidente do Conselho de Administra\u00e7\u00e3o do INPROITEC, Mar\u00e7al Vig\u00e1rio, com esta estrat\u00e9gia, Angola pode come\u00e7ar a desenhar uma ind\u00fastria mineira robusta e sustent\u00e1vel. Clique no \u00e1udio abaixo e ou\u00e7a:<\/p>\n\t<div class=\"qtmplayer-playlist-large\">\n\t\t<ul class=\"qtmplayer-playlist\">\n\t\t\t\n\t\t\t\t\t<li class=\"qtmplayer-trackitem\">\n\t\t<img src=\"https:\/\/rna.ao\/rna.ao\/wp-content\/uploads\/2025\/06\/Instituto-de-Projectos-Industriais-e-Tecnologicos-INPROITEC-100x100.jpg\" alt=\"cover\">\t\t<span \t\t\tdata-qtmplayer-cover=\"https:\/\/rna.ao\/rna.ao\/wp-content\/uploads\/2025\/06\/Instituto-de-Projectos-Industriais-e-Tecnologicos-INPROITEC.jpg\"\n\t\t\t\t\t\tdata-qtmplayer-file=\"https:\/\/rna.ao\/rna.ao\/wp-content\/uploads\/2025\/06\/MARCAL-VIGARIO-1-00HRS.mp3\"\n\t\t\t\t\t\tdata-qtmplayer-title=\"INPROITEC da cadeia mineira em Angola apela aos industriais deste segmento de actividade a recorrerem \u00e0s boas pr\u00e1ticas internacionais\"\n\t\t\t\t\t\tdata-qtmplayer-artist=\"Ant\u00f3nio Augusto\"\n\t\t\t\t\t\tdata-qtmplayer-link=\"https:\/\/rna.ao\/rna.ao\/2025\/06\/04\/inproitec-da-cadeia-mineira-em-angola-apela-aos-industriais-deste-segmento-de-actividade-a-recorrerem-as-boas-praticas-internacionais\/\"\n\t\t\t\t\t\tdata-qtmplayer-icon=\"file_download\"\n\t\t\t\t\t\tdata-qtmplayer-type=\"track\"\n\t\t\t class=\"qtmplayer-play qtmplayer-link-sec qtmplayer-play-btn\"><i class='material-icons'>play_arrow<\/i><\/span>\n\t\t<p>\n\t\t\t<span class=\"qtmplayer-tit\">INPROITEC da cadeia mineira em Angola apela aos industriais deste segmento de actividade a recorrerem \u00e0s boas pr\u00e1ticas internacionais<\/span>\n\t\t\t<span class=\"qtmplayer-art\">Ant\u00f3nio Augusto<\/span>\n\t\t<\/p>\n\t<\/li>\n\t\t<\/ul>\n\t<\/div>\t\t\t\n\t\n<p>Focado na realiza\u00e7\u00e3o de estudos cient\u00edficos, pesquisas e promo\u00e7\u00e3o de tecnologia de ponta na ind\u00fastria mineira, o PCA do INPROITEC, afirma que \u00e9 um caso de sucesso na valoriza\u00e7\u00e3o do capital humano nacional. Mar\u00e7al Vig\u00e1rio, diz que por via do INPROITEC, est\u00e1 provado que muito trabalho cientifico e tecnol\u00f3gico outrora feito por especialistas expatriados, pode ser feito por quadros nacionais. Clique no \u00e1udio abaixo e ou\u00e7a:<\/p>\n\t<div class=\"qtmplayer-playlist-large\">\n\t\t<ul class=\"qtmplayer-playlist\">\n\t\t\t\n\t\t\t\t\t<li class=\"qtmplayer-trackitem\">\n\t\t<img src=\"https:\/\/rna.ao\/rna.ao\/wp-content\/uploads\/2025\/06\/Instituto-de-Projectos-Industriais-e-Tecnologicos-INPROITEC-100x100.jpg\" alt=\"cover\">\t\t<span \t\t\tdata-qtmplayer-cover=\"https:\/\/rna.ao\/rna.ao\/wp-content\/uploads\/2025\/06\/Instituto-de-Projectos-Industriais-e-Tecnologicos-INPROITEC.jpg\"\n\t\t\t\t\t\tdata-qtmplayer-file=\"https:\/\/rna.ao\/rna.ao\/wp-content\/uploads\/2025\/06\/MARCAL-VIGARIO-2-00HRS.mp3\"\n\t\t\t\t\t\tdata-qtmplayer-title=\"INPROITEC da cadeia mineira em Angola apela aos industriais deste segmento de actividade a recorrerem \u00e0s boas pr\u00e1ticas internacionais\"\n\t\t\t\t\t\tdata-qtmplayer-artist=\"Ant\u00f3nio Augusto\"\n\t\t\t\t\t\tdata-qtmplayer-link=\"https:\/\/rna.ao\/rna.ao\/2025\/06\/04\/inproitec-da-cadeia-mineira-em-angola-apela-aos-industriais-deste-segmento-de-actividade-a-recorrerem-as-boas-praticas-internacionais\/\"\n\t\t\t\t\t\tdata-qtmplayer-icon=\"file_download\"\n\t\t\t\t\t\tdata-qtmplayer-type=\"track\"\n\t\t\t class=\"qtmplayer-play qtmplayer-link-sec qtmplayer-play-btn\"><i class='material-icons'>play_arrow<\/i><\/span>\n\t\t<p>\n\t\t\t<span class=\"qtmplayer-tit\">INPROITEC da cadeia mineira em Angola apela aos industriais deste segmento de actividade a recorrerem \u00e0s boas pr\u00e1ticas internacionais<\/span>\n\t\t\t<span class=\"qtmplayer-art\">Ant\u00f3nio Augusto<\/span>\n\t\t<\/p>\n\t<\/li>\n\t\t<\/ul>\n\t<\/div>\t\t\t\n\t\n","protected":false},"excerpt":{"rendered":"<p>O Instituto de Projectos Industriais e Tecnol\u00f3gicos \u201cINPROITEC\u201d, da cadeia mineira em Angola, apela aos industriais deste segmento de actividade a recorrerem \u00e0s boas pr\u00e1ticas internacionais. Segundo o Presidente do Conselho de Administra\u00e7\u00e3o do INPROITEC, Mar\u00e7al Vig\u00e1rio, com esta estrat\u00e9gia, Angola pode come\u00e7ar a desenhar uma ind\u00fastria mineira robusta e ...<\/p>\n","protected":false},"author":23,"featured_media":180849,"comment_status":"closed","ping_status":"closed","sticky":false,"template":"","format":"standard","meta":[],"categories":[142,121,163],"tags":[],"_links":{"self":[{"href":"https:\/\/rna.ao\/rna.ao\/wp-json\/wp\/v2\/posts\/180844"}],"collection":[{"href":"https:\/\/rna.ao\/rna.ao\/wp-json\/wp\/v2\/posts"}],"about":[{"href":"https:\/\/rna.ao\/rna.ao\/wp-json\/wp\/v2\/types\/post"}],"author":[{"embeddable":true,"href":"https:\/\/rna.ao\/rna.ao\/wp-json\/wp\/v2\/users\/23"}],"replies":[{"embeddable":true,"href":"https:\/\/rna.ao\/rna.ao\/wp-json\/wp\/v2\/comments?post=180844"}],"version-history":[{"count":1,"href":"https:\/\/rna.ao\/rna.ao\/wp-json\/wp\/v2\/posts\/180844\/revisions"}],"predecessor-version":[{"id":180850,"href":"https:\/\/rna.ao\/rna.ao\/wp-json\/wp\/v2\/posts\/180844\/revisions\/180850"}],"wp:featuredmedia":[{"embeddable":true,"href":"https:\/\/rna.ao\/rna.ao\/wp-json\/wp\/v2\/media\/180849"}],"wp:attachment":[{"href":"https:\/\/rna.ao\/rna.ao\/wp-json\/wp\/v2\/media?parent=180844"}],"wp:term":[{"taxonomy":"category","embeddable":true,"href":"https:\/\/rna.ao\/rna.ao\/wp-json\/wp\/v2\/categories?post=180844"},{"taxonomy":"post_tag","embeddable":true,"href":"https:\/\/rna.ao\/rna.ao\/wp-json\/wp\/v2\/tags?post=180844"}],"curies":[{"name":"wp","href":"https:\/\/api.w.org\/{rel}","templated":true}]}}