{"id":179523,"date":"2025-05-22T14:40:56","date_gmt":"2025-05-22T13:40:56","guid":{"rendered":"https:\/\/rna.ao\/rna.ao\/?p=179523"},"modified":"2025-05-22T14:40:56","modified_gmt":"2025-05-22T13:40:56","slug":"assembleia-nacional-da-inicio-a-actualizacao-do-codigo-aduaneiro-nacional","status":"publish","type":"post","link":"https:\/\/rna.ao\/rna.ao\/2025\/05\/22\/assembleia-nacional-da-inicio-a-actualizacao-do-codigo-aduaneiro-nacional\/","title":{"rendered":"Assembleia Nacional d\u00e1 in\u00edcio a actualiza\u00e7\u00e3o do c\u00f3digo aduaneiro nacional"},"content":{"rendered":"<p><img loading=\"lazy\" class=\"wp-image-100292 aligncenter\" src=\"https:\/\/rna.ao\/rna.ao\/wp-content\/uploads\/2023\/04\/Assembleia-770x617.jpg\" alt=\"\" width=\"289\" height=\"232\" srcset=\"https:\/\/rna.ao\/rna.ao\/wp-content\/uploads\/2023\/04\/Assembleia-770x617.jpg 770w, https:\/\/rna.ao\/rna.ao\/wp-content\/uploads\/2023\/04\/Assembleia-768x615.jpg 768w, https:\/\/rna.ao\/rna.ao\/wp-content\/uploads\/2023\/04\/Assembleia.jpg 799w\" sizes=\"(max-width: 289px) 100vw, 289px\" \/>O Parlamento deu hoje, quinta-feira, 22 de Maio, o primeiro passo para actualizar o c\u00f3digo aduaneiro nacional. O que se pretende com as altera\u00e7\u00f5es ao c\u00f3digo \u00e9 alinhar Angola \u00e0s melhores pr\u00e1ticas internacionais, promovendo uma maior transpar\u00eancia, efici\u00eancia e competitividade no com\u00e9rcio exterior. O plen\u00e1rio da Assembleia Nacional aprovou esta manh\u00e3 a primeira Lei de investiga\u00e7\u00e3o cl\u00ednica e biom\u00e9dica que visa regular a realiza\u00e7\u00e3o de pesquisas cient\u00edficas em seres humanos e animais.\u00a0Diplomas sobre reforma tribut\u00e1ria em discuss\u00e3o no parlamento visam modernizar o sistema fiscal, aumentar a efici\u00eancia na arrecada\u00e7\u00e3o de receitas e alinhar o pa\u00eds com padr\u00f5es internacionais.<\/p>\n","protected":false},"excerpt":{"rendered":"<p>O Parlamento deu hoje, quinta-feira, 22 de Maio, o primeiro passo para actualizar o c\u00f3digo aduaneiro nacional. O que se pretende com as altera\u00e7\u00f5es ao c\u00f3digo \u00e9 alinhar Angola \u00e0s melhores pr\u00e1ticas internacionais, promovendo uma maior transpar\u00eancia, efici\u00eancia e competitividade no com\u00e9rcio exterior. O plen\u00e1rio da Assembleia Nacional aprovou esta ...<\/p>\n","protected":false},"author":23,"featured_media":110671,"comment_status":"closed","ping_status":"closed","sticky":false,"template":"","format":"standard","meta":[],"categories":[121,163],"tags":[],"_links":{"self":[{"href":"https:\/\/rna.ao\/rna.ao\/wp-json\/wp\/v2\/posts\/179523"}],"collection":[{"href":"https:\/\/rna.ao\/rna.ao\/wp-json\/wp\/v2\/posts"}],"about":[{"href":"https:\/\/rna.ao\/rna.ao\/wp-json\/wp\/v2\/types\/post"}],"author":[{"embeddable":true,"href":"https:\/\/rna.ao\/rna.ao\/wp-json\/wp\/v2\/users\/23"}],"replies":[{"embeddable":true,"href":"https:\/\/rna.ao\/rna.ao\/wp-json\/wp\/v2\/comments?post=179523"}],"version-history":[{"count":1,"href":"https:\/\/rna.ao\/rna.ao\/wp-json\/wp\/v2\/posts\/179523\/revisions"}],"predecessor-version":[{"id":179524,"href":"https:\/\/rna.ao\/rna.ao\/wp-json\/wp\/v2\/posts\/179523\/revisions\/179524"}],"wp:featuredmedia":[{"embeddable":true,"href":"https:\/\/rna.ao\/rna.ao\/wp-json\/wp\/v2\/media\/110671"}],"wp:attachment":[{"href":"https:\/\/rna.ao\/rna.ao\/wp-json\/wp\/v2\/media?parent=179523"}],"wp:term":[{"taxonomy":"category","embeddable":true,"href":"https:\/\/rna.ao\/rna.ao\/wp-json\/wp\/v2\/categories?post=179523"},{"taxonomy":"post_tag","embeddable":true,"href":"https:\/\/rna.ao\/rna.ao\/wp-json\/wp\/v2\/tags?post=179523"}],"curies":[{"name":"wp","href":"https:\/\/api.w.org\/{rel}","templated":true}]}}