{"id":179488,"date":"2025-05-22T13:44:35","date_gmt":"2025-05-22T12:44:35","guid":{"rendered":"https:\/\/rna.ao\/rna.ao\/?p=179488"},"modified":"2025-05-22T13:44:35","modified_gmt":"2025-05-22T12:44:35","slug":"israel-anuncia-cem-camioes-pertencentes-a-onu-entraram-hoje-em-gaza","status":"publish","type":"post","link":"https:\/\/rna.ao\/rna.ao\/2025\/05\/22\/israel-anuncia-cem-camioes-pertencentes-a-onu-entraram-hoje-em-gaza\/","title":{"rendered":"Israel anuncia: &#8220;Cem cami\u00f5es pertencentes \u00e0 ONU&#8221; entraram hoje em Gaza"},"content":{"rendered":"<p><img loading=\"lazy\" class=\"size-full wp-image-18012 alignleft\" src=\"https:\/\/rna.ao\/rna.ao\/wp-content\/uploads\/2021\/02\/Camioes.jpg\" alt=\"\" width=\"259\" height=\"218\" \/>Israel adiantou que entraram em Gaza 100 cami\u00f5es de ajuda humanit\u00e1ria da ONU, depois de ter permitido a passagem para o enclave palestiniano de 93 cami\u00f5es no dia anterior e de cerca de dez na segunda-feira.<\/p>\n<p>A ONU indicou, por sua vez, que cinco cami\u00f5es que transportavam ajuda entraram em Gaza na segunda-feira, enquanto Israel referiu que outros 93 o fizeram na ter\u00e7a-feira.<\/p>\n<p>Em dois dias, cerca de 100 cami\u00f5es entraram no enclave para abastecer uma popula\u00e7\u00e3o de cerca de 2,1 milh\u00f5es de pessoas, em compara\u00e7\u00e3o com cerca de 500 antes da guerra, o que j\u00e1 era insuficiente para as organiza\u00e7\u00f5es humanit\u00e1rias.<\/p>\n<p>Netanyahu advertiu, entretanto, ser preciso &#8220;evitar uma crise humanit\u00e1ria&#8221; para manter &#8220;a liberdade operacional de a\u00e7\u00e3o&#8221; dos militares israelitas, alegando que a intensifica\u00e7\u00e3o dos ataques e as restri\u00e7\u00f5es \u00e0 entrada de ajuda aos habitantes do territ\u00f3rio provocaram uma vaga de condena\u00e7\u00e3o internacional.<\/p>\n<p>Na confer\u00eancia de imprensa, a primeira em cinco meses, o l\u00edder israelita reiterou igualmente que a popula\u00e7\u00e3o da Faixa de Gaza est\u00e1 a ser transferida para sul, \u00e0 medida que os militares v\u00e3o assumindo o controlo do territ\u00f3rio.<\/p>\n<p>Benjamin Netanyahu insistiu que Israel implementar\u00e1 o plano do Presidente norte-americano, Donald Trump, para a Faixa de Gaza quando a guerra terminar, o que condicionou \u00e0 expuls\u00e3o do Hamas do enclave e se houver &#8220;condi\u00e7\u00f5es claras que garantam a seguran\u00e7a de Israel&#8221;, al\u00e9m da liberta\u00e7\u00e3o dos ref\u00e9ns detidos no enclave desde outubro de 2023.<\/p>\n<p>O conflito foi desencadeado pelos ataques liderados pelo grupo islamita palestiniano Hamas em 07 de outubro de 2023 no sul de Israel, onde fez cerca de 1.200 mortos, na maioria civis, e mais de duas centenas de ref\u00e9ns.<\/p>\n","protected":false},"excerpt":{"rendered":"<p>Israel adiantou que entraram em Gaza 100 cami\u00f5es de ajuda humanit\u00e1ria da ONU, depois de ter permitido a passagem para o enclave palestiniano de 93 cami\u00f5es no dia anterior e de cerca de dez na segunda-feira. A ONU indicou, por sua vez, que cinco cami\u00f5es que transportavam ajuda entraram em ...<\/p>\n","protected":false},"author":23,"featured_media":137153,"comment_status":"closed","ping_status":"closed","sticky":false,"template":"","format":"standard","meta":[],"categories":[143,137],"tags":[],"_links":{"self":[{"href":"https:\/\/rna.ao\/rna.ao\/wp-json\/wp\/v2\/posts\/179488"}],"collection":[{"href":"https:\/\/rna.ao\/rna.ao\/wp-json\/wp\/v2\/posts"}],"about":[{"href":"https:\/\/rna.ao\/rna.ao\/wp-json\/wp\/v2\/types\/post"}],"author":[{"embeddable":true,"href":"https:\/\/rna.ao\/rna.ao\/wp-json\/wp\/v2\/users\/23"}],"replies":[{"embeddable":true,"href":"https:\/\/rna.ao\/rna.ao\/wp-json\/wp\/v2\/comments?post=179488"}],"version-history":[{"count":1,"href":"https:\/\/rna.ao\/rna.ao\/wp-json\/wp\/v2\/posts\/179488\/revisions"}],"predecessor-version":[{"id":179489,"href":"https:\/\/rna.ao\/rna.ao\/wp-json\/wp\/v2\/posts\/179488\/revisions\/179489"}],"wp:featuredmedia":[{"embeddable":true,"href":"https:\/\/rna.ao\/rna.ao\/wp-json\/wp\/v2\/media\/137153"}],"wp:attachment":[{"href":"https:\/\/rna.ao\/rna.ao\/wp-json\/wp\/v2\/media?parent=179488"}],"wp:term":[{"taxonomy":"category","embeddable":true,"href":"https:\/\/rna.ao\/rna.ao\/wp-json\/wp\/v2\/categories?post=179488"},{"taxonomy":"post_tag","embeddable":true,"href":"https:\/\/rna.ao\/rna.ao\/wp-json\/wp\/v2\/tags?post=179488"}],"curies":[{"name":"wp","href":"https:\/\/api.w.org\/{rel}","templated":true}]}}