{"id":179296,"date":"2025-05-21T12:08:51","date_gmt":"2025-05-21T11:08:51","guid":{"rendered":"https:\/\/rna.ao\/rna.ao\/?p=179296"},"modified":"2025-05-21T12:20:02","modified_gmt":"2025-05-21T11:20:02","slug":"pedro-goncalves-divulga-hoje-eleitos-para-taca-cosafa","status":"publish","type":"post","link":"https:\/\/rna.ao\/rna.ao\/2025\/05\/21\/pedro-goncalves-divulga-hoje-eleitos-para-taca-cosafa\/","title":{"rendered":"Pedro Gon\u00e7alves divulga hoje eleitos para Ta\u00e7a COSAFA"},"content":{"rendered":"<p><img loading=\"lazy\" class=\"alignnone wp-image-125997\" src=\"https:\/\/rna.ao\/rna.ao\/wp-content\/uploads\/2023\/12\/Pedro-Goncalves-treinador-770x434.jpg\" alt=\"\" width=\"646\" height=\"364\" srcset=\"https:\/\/rna.ao\/rna.ao\/wp-content\/uploads\/2023\/12\/Pedro-Goncalves-treinador-770x434.jpg 770w, https:\/\/rna.ao\/rna.ao\/wp-content\/uploads\/2023\/12\/Pedro-Goncalves-treinador-768x432.jpg 768w, https:\/\/rna.ao\/rna.ao\/wp-content\/uploads\/2023\/12\/Pedro-Goncalves-treinador.jpg 920w\" sizes=\"(max-width: 646px) 100vw, 646px\" \/>A cerim\u00f3nia decorre, nesta altura, em Bloemfontein, \u00c1frica do Sul, palco da edi\u00e7\u00e3o 2025 de 4 a 15 do pr\u00f3ximo m\u00eas. A competi\u00e7\u00e3o reservada aos jogadores que actuam nos campeonatos dos seus respectivos Pa\u00edses ser\u00e1 disputada por 14 selec\u00e7\u00f5es nacionais, incluindo os Palancas Negras&#8230;<\/p>\n<p>Entretanto, o seleccionador nacional, Pedro Gon\u00e7alves, divulga, hoje, os eleitos para esta empreitada continental. Encontro marcado para \u00e0s 15 horas, na sede da federa\u00e7\u00e3o angolana de futebol, localizada no projecto Nova Vida<\/p>\n","protected":false},"excerpt":{"rendered":"<p>A cerim\u00f3nia decorre, nesta altura, em Bloemfontein, \u00c1frica do Sul, palco da edi\u00e7\u00e3o 2025 de 4 a 15 do pr\u00f3ximo m\u00eas. A competi\u00e7\u00e3o reservada aos jogadores que actuam nos campeonatos dos seus respectivos Pa\u00edses ser\u00e1 disputada por 14 selec\u00e7\u00f5es nacionais, incluindo os Palancas Negras&#8230; Entretanto, o seleccionador nacional, Pedro Gon\u00e7alves, ...<\/p>\n","protected":false},"author":9,"featured_media":125997,"comment_status":"closed","ping_status":"closed","sticky":false,"template":"","format":"standard","meta":[],"categories":[145,125],"tags":[],"_links":{"self":[{"href":"https:\/\/rna.ao\/rna.ao\/wp-json\/wp\/v2\/posts\/179296"}],"collection":[{"href":"https:\/\/rna.ao\/rna.ao\/wp-json\/wp\/v2\/posts"}],"about":[{"href":"https:\/\/rna.ao\/rna.ao\/wp-json\/wp\/v2\/types\/post"}],"author":[{"embeddable":true,"href":"https:\/\/rna.ao\/rna.ao\/wp-json\/wp\/v2\/users\/9"}],"replies":[{"embeddable":true,"href":"https:\/\/rna.ao\/rna.ao\/wp-json\/wp\/v2\/comments?post=179296"}],"version-history":[{"count":2,"href":"https:\/\/rna.ao\/rna.ao\/wp-json\/wp\/v2\/posts\/179296\/revisions"}],"predecessor-version":[{"id":179303,"href":"https:\/\/rna.ao\/rna.ao\/wp-json\/wp\/v2\/posts\/179296\/revisions\/179303"}],"wp:featuredmedia":[{"embeddable":true,"href":"https:\/\/rna.ao\/rna.ao\/wp-json\/wp\/v2\/media\/125997"}],"wp:attachment":[{"href":"https:\/\/rna.ao\/rna.ao\/wp-json\/wp\/v2\/media?parent=179296"}],"wp:term":[{"taxonomy":"category","embeddable":true,"href":"https:\/\/rna.ao\/rna.ao\/wp-json\/wp\/v2\/categories?post=179296"},{"taxonomy":"post_tag","embeddable":true,"href":"https:\/\/rna.ao\/rna.ao\/wp-json\/wp\/v2\/tags?post=179296"}],"curies":[{"name":"wp","href":"https:\/\/api.w.org\/{rel}","templated":true}]}}