{"id":179282,"date":"2025-05-21T10:12:48","date_gmt":"2025-05-21T09:12:48","guid":{"rendered":"https:\/\/rna.ao\/rna.ao\/?p=179282"},"modified":"2025-05-21T10:12:48","modified_gmt":"2025-05-21T09:12:48","slug":"minea-busca-experiencia-da-acqua-na-criacao-e-desenvolvimento-de-um-centro-de-formacao-para-o-sector-das-aguas-em-angola","status":"publish","type":"post","link":"https:\/\/rna.ao\/rna.ao\/2025\/05\/21\/minea-busca-experiencia-da-acqua-na-criacao-e-desenvolvimento-de-um-centro-de-formacao-para-o-sector-das-aguas-em-angola\/","title":{"rendered":"MINEA busca experi\u00eancia da ACQUA na cria\u00e7\u00e3o e desenvolvimento de um Centro de Forma\u00e7\u00e3o para o Sector das \u00c1guas em Angola"},"content":{"rendered":"<p><img loading=\"lazy\" class=\"wp-image-179286 alignleft\" src=\"https:\/\/rna.ao\/rna.ao\/wp-content\/uploads\/2025\/05\/MINEA-E-ACQUA-770x433.jpg\" alt=\"\" width=\"418\" height=\"235\" srcset=\"https:\/\/rna.ao\/rna.ao\/wp-content\/uploads\/2025\/05\/MINEA-E-ACQUA-770x433.jpg 770w, https:\/\/rna.ao\/rna.ao\/wp-content\/uploads\/2025\/05\/MINEA-E-ACQUA-1170x658.jpg 1170w, https:\/\/rna.ao\/rna.ao\/wp-content\/uploads\/2025\/05\/MINEA-E-ACQUA-768x432.jpg 768w, https:\/\/rna.ao\/rna.ao\/wp-content\/uploads\/2025\/05\/MINEA-E-ACQUA.jpg 1280w\" sizes=\"(max-width: 418px) 100vw, 418px\" \/>Uma delega\u00e7\u00e3o chefiada por quadros t\u00e9cnicos do sector das \u00e1guas em Angola visita est\u00e1 a na Rep\u00fablica Federativa do Brasil para conhecer modelo de forma\u00e7\u00e3o e inova\u00e7\u00e3o no sector. Entre os dias 19 e 25 de Maio, o SENAI CIMATEC, em Salvador (Bahia), delega\u00e7\u00e3o composta por representantes do Minist\u00e9rio da Energia e \u00c1guas e da Empresa P\u00fablica de \u00c1guas e Saneamento de Benguela.<\/p>\n<p>A miss\u00e3o integra uma iniciativa estrat\u00e9gica no \u00e2mbito do contrato celebrado entre o MINEA e a empresa ACQUA, com foco na cria\u00e7\u00e3o e desenvolvimento de um Centro de Forma\u00e7\u00e3o para o Sector das \u00c1guas em Angola. A delega\u00e7\u00e3o \u00e9 liderada pela Directora Nacional das \u00c1guas, Elsa Ramos e de outros representantes da Direc\u00e7\u00e3o Nacional das \u00c1guas e da EPASB. Com car\u00e1cter piloto, o projecto visa qualificar t\u00e9cnica e profissionalmente os quadros nacionais do sector das \u00e1guas, contribuindo para o fortalecimento da gest\u00e3o e da opera\u00e7\u00e3o dos servi\u00e7os de abastecimento no pa\u00eds.<\/p>\n<p>Durante a visita, os representantes angolanos ter\u00e3o acesso \u00e0s instala\u00e7\u00f5es de excel\u00eancia do SENAI CIMATEC, incluindo o Parque de Inova\u00e7\u00e3o, os centros de forma\u00e7\u00e3o, os laborat\u00f3rios de alta tecnologia e as experi\u00eancias bem-sucedidas na forma\u00e7\u00e3o t\u00e9cnica voltada aos sectores industrial e de servi\u00e7os.<\/p>\n","protected":false},"excerpt":{"rendered":"<p>Uma delega\u00e7\u00e3o chefiada por quadros t\u00e9cnicos do sector das \u00e1guas em Angola visita est\u00e1 a na Rep\u00fablica Federativa do Brasil para conhecer modelo de forma\u00e7\u00e3o e inova\u00e7\u00e3o no sector. Entre os dias 19 e 25 de Maio, o SENAI CIMATEC, em Salvador (Bahia), delega\u00e7\u00e3o composta por representantes do Minist\u00e9rio da ...<\/p>\n","protected":false},"author":23,"featured_media":179285,"comment_status":"closed","ping_status":"closed","sticky":false,"template":"","format":"standard","meta":[],"categories":[141,133,164],"tags":[],"_links":{"self":[{"href":"https:\/\/rna.ao\/rna.ao\/wp-json\/wp\/v2\/posts\/179282"}],"collection":[{"href":"https:\/\/rna.ao\/rna.ao\/wp-json\/wp\/v2\/posts"}],"about":[{"href":"https:\/\/rna.ao\/rna.ao\/wp-json\/wp\/v2\/types\/post"}],"author":[{"embeddable":true,"href":"https:\/\/rna.ao\/rna.ao\/wp-json\/wp\/v2\/users\/23"}],"replies":[{"embeddable":true,"href":"https:\/\/rna.ao\/rna.ao\/wp-json\/wp\/v2\/comments?post=179282"}],"version-history":[{"count":1,"href":"https:\/\/rna.ao\/rna.ao\/wp-json\/wp\/v2\/posts\/179282\/revisions"}],"predecessor-version":[{"id":179289,"href":"https:\/\/rna.ao\/rna.ao\/wp-json\/wp\/v2\/posts\/179282\/revisions\/179289"}],"wp:featuredmedia":[{"embeddable":true,"href":"https:\/\/rna.ao\/rna.ao\/wp-json\/wp\/v2\/media\/179285"}],"wp:attachment":[{"href":"https:\/\/rna.ao\/rna.ao\/wp-json\/wp\/v2\/media?parent=179282"}],"wp:term":[{"taxonomy":"category","embeddable":true,"href":"https:\/\/rna.ao\/rna.ao\/wp-json\/wp\/v2\/categories?post=179282"},{"taxonomy":"post_tag","embeddable":true,"href":"https:\/\/rna.ao\/rna.ao\/wp-json\/wp\/v2\/tags?post=179282"}],"curies":[{"name":"wp","href":"https:\/\/api.w.org\/{rel}","templated":true}]}}