{"id":178085,"date":"2025-05-13T12:11:08","date_gmt":"2025-05-13T11:11:08","guid":{"rendered":"https:\/\/rna.ao\/rna.ao\/?p=178085"},"modified":"2025-05-13T12:15:40","modified_gmt":"2025-05-13T11:15:40","slug":"inamet-contara-com-equipamento-de-ponta-para-alem-da-previsao-do-tempo-e-monitoramento-sismico","status":"publish","type":"post","link":"https:\/\/rna.ao\/rna.ao\/2025\/05\/13\/inamet-contara-com-equipamento-de-ponta-para-alem-da-previsao-do-tempo-e-monitoramento-sismico\/","title":{"rendered":"INAMET contar\u00e1 com equipamento de ponta para al\u00e9m da previs\u00e3o do tempo e monitoramento s\u00edsmico"},"content":{"rendered":"<p><img loading=\"lazy\" class=\"alignnone size-full wp-image-178086\" src=\"https:\/\/rna.ao\/rna.ao\/wp-content\/uploads\/2025\/05\/IMG_3616.jpeg\" alt=\"\" width=\"691\" height=\"461\" \/>O Instituto Nacional de Meteorologia e Geof\u00edsica de Angola &#8211; INAMET \u00a0passar\u00e1 a contar com tecnologia de ponta, capaz de fornecer informa\u00e7\u00f5es que v\u00e3o al\u00e9m da tradicional previs\u00e3o do tempo e do monitoramento de actividades s\u00edsmicas.<\/p>\n<p>A garantia foi dada pelo Ministro das Telecomunica\u00e7\u00f5es, Tecnologias de Informa\u00e7\u00e3o e Comunica\u00e7\u00e3o Social, M\u00e1rio de Oliveira, que destacou a import\u00e2ncia da moderniza\u00e7\u00e3o do instituto para a melhoria da resposta cient\u00edfica e t\u00e9cnica \u00e0s necessidades do pa\u00eds. Jornalista Fowen Macanja. Clique no \u00e1udio e ou\u00e7a:<\/p>\n\t<div class=\"qtmplayer-playlist-large\">\n\t\t<ul class=\"qtmplayer-playlist\">\n\t\t\t\n\t\t\t\t\t<li class=\"qtmplayer-trackitem\">\n\t\t<img src=\"https:\/\/rna.ao\/rna.ao\/wp-content\/uploads\/2025\/05\/IMG_3616-100x100.jpeg\" alt=\"cover\">\t\t<span \t\t\tdata-qtmplayer-cover=\"https:\/\/rna.ao\/rna.ao\/wp-content\/uploads\/2025\/05\/IMG_3616-370x370.jpeg\"\n\t\t\t\t\t\tdata-qtmplayer-file=\"https:\/\/rna.ao\/rna.ao\/wp-content\/uploads\/2025\/05\/FOWEN-MACANJA-INAMET-07HRS.mp3\"\n\t\t\t\t\t\tdata-qtmplayer-title=\"INAMET contar\u00e1 com equipamento de ponta para al\u00e9m da previs\u00e3o do tempo e monitoramento s\u00edsmico\"\n\t\t\t\t\t\tdata-qtmplayer-artist=\"Juliana Nunes\"\n\t\t\t\t\t\tdata-qtmplayer-link=\"https:\/\/rna.ao\/rna.ao\/2025\/05\/13\/inamet-contara-com-equipamento-de-ponta-para-alem-da-previsao-do-tempo-e-monitoramento-sismico\/\"\n\t\t\t\t\t\tdata-qtmplayer-icon=\"file_download\"\n\t\t\t\t\t\tdata-qtmplayer-type=\"track\"\n\t\t\t class=\"qtmplayer-play qtmplayer-link-sec qtmplayer-play-btn\"><i class='material-icons'>play_arrow<\/i><\/span>\n\t\t<p>\n\t\t\t<span class=\"qtmplayer-tit\">INAMET contar\u00e1 com equipamento de ponta para al\u00e9m da previs\u00e3o do tempo e monitoramento s\u00edsmico<\/span>\n\t\t\t<span class=\"qtmplayer-art\">Juliana Nunes<\/span>\n\t\t<\/p>\n\t<\/li>\n\t\t<\/ul>\n\t<\/div>\t\t\t\n\t\n","protected":false},"excerpt":{"rendered":"<p>O Instituto Nacional de Meteorologia e Geof\u00edsica de Angola &#8211; INAMET \u00a0passar\u00e1 a contar com tecnologia de ponta, capaz de fornecer informa\u00e7\u00f5es que v\u00e3o al\u00e9m da tradicional previs\u00e3o do tempo e do monitoramento de actividades s\u00edsmicas. A garantia foi dada pelo Ministro das Telecomunica\u00e7\u00f5es, Tecnologias de Informa\u00e7\u00e3o e Comunica\u00e7\u00e3o Social, ...<\/p>\n","protected":false},"author":16,"featured_media":178086,"comment_status":"closed","ping_status":"closed","sticky":false,"template":"","format":"standard","meta":[],"categories":[142,121,164,163,1],"tags":[],"_links":{"self":[{"href":"https:\/\/rna.ao\/rna.ao\/wp-json\/wp\/v2\/posts\/178085"}],"collection":[{"href":"https:\/\/rna.ao\/rna.ao\/wp-json\/wp\/v2\/posts"}],"about":[{"href":"https:\/\/rna.ao\/rna.ao\/wp-json\/wp\/v2\/types\/post"}],"author":[{"embeddable":true,"href":"https:\/\/rna.ao\/rna.ao\/wp-json\/wp\/v2\/users\/16"}],"replies":[{"embeddable":true,"href":"https:\/\/rna.ao\/rna.ao\/wp-json\/wp\/v2\/comments?post=178085"}],"version-history":[{"count":2,"href":"https:\/\/rna.ao\/rna.ao\/wp-json\/wp\/v2\/posts\/178085\/revisions"}],"predecessor-version":[{"id":178091,"href":"https:\/\/rna.ao\/rna.ao\/wp-json\/wp\/v2\/posts\/178085\/revisions\/178091"}],"wp:featuredmedia":[{"embeddable":true,"href":"https:\/\/rna.ao\/rna.ao\/wp-json\/wp\/v2\/media\/178086"}],"wp:attachment":[{"href":"https:\/\/rna.ao\/rna.ao\/wp-json\/wp\/v2\/media?parent=178085"}],"wp:term":[{"taxonomy":"category","embeddable":true,"href":"https:\/\/rna.ao\/rna.ao\/wp-json\/wp\/v2\/categories?post=178085"},{"taxonomy":"post_tag","embeddable":true,"href":"https:\/\/rna.ao\/rna.ao\/wp-json\/wp\/v2\/tags?post=178085"}],"curies":[{"name":"wp","href":"https:\/\/api.w.org\/{rel}","templated":true}]}}