{"id":177788,"date":"2025-05-10T22:09:08","date_gmt":"2025-05-10T21:09:08","guid":{"rendered":"https:\/\/rna.ao\/rna.ao\/?p=177788"},"modified":"2025-05-10T22:09:08","modified_gmt":"2025-05-10T21:09:08","slug":"detido-no-zaire-cidadao-acusado-de-violar-sexualmente-a-enteada-de-9-anos","status":"publish","type":"post","link":"https:\/\/rna.ao\/rna.ao\/2025\/05\/10\/detido-no-zaire-cidadao-acusado-de-violar-sexualmente-a-enteada-de-9-anos\/","title":{"rendered":"Detido no Zaire cidad\u00e3o acusado de violar sexualmente a enteada de 9 anos"},"content":{"rendered":"<p><img loading=\"lazy\" class=\"alignnone size-full wp-image-54104\" src=\"https:\/\/rna.ao\/rna.ao\/wp-content\/uploads\/2022\/03\/ABuso-sexual-Nampula.jpg\" alt=\"\" width=\"730\" height=\"438\" \/><br \/>\nNo Zaire, o Servi\u00e7o de Investiga\u00e7\u00e3o Criminal deteve um cidad\u00e3o acusado de ter violado sexualmente a enteada de 9 anos.<\/p>\n<p>O acusado de 54 anos aliciou a menina \u00a0e aproveitou a aus\u00eancia da esposa para consumar o acto. Outros dados com o jornalista Diabanza Eduardo. Clique no \u00e1udio abaixo e ou\u00e7a:<\/p>\n\t<div class=\"qtmplayer-playlist-large\">\n\t\t<ul class=\"qtmplayer-playlist\">\n\t\t\t\n\t\t\t\t\t<li class=\"qtmplayer-trackitem\">\n\t\t<img src=\"https:\/\/rna.ao\/rna.ao\/wp-content\/uploads\/2024\/06\/ABuso-sexual-Nampula-100x100.jpg\" alt=\"cover\">\t\t<span \t\t\tdata-qtmplayer-cover=\"https:\/\/rna.ao\/rna.ao\/wp-content\/uploads\/2024\/06\/ABuso-sexual-Nampula-370x370.jpg\"\n\t\t\t\t\t\tdata-qtmplayer-file=\"https:\/\/rna.ao\/rna.ao\/wp-content\/uploads\/2025\/05\/ZAIRE-VIOLACAO-2OHS.mp3\"\n\t\t\t\t\t\tdata-qtmplayer-title=\"Detido no Zaire cidad\u00e3o acusado de violar sexualmente a enteada de 9 anos\"\n\t\t\t\t\t\tdata-qtmplayer-artist=\"Patr\u00edcia Campos\"\n\t\t\t\t\t\tdata-qtmplayer-link=\"https:\/\/rna.ao\/rna.ao\/2025\/05\/10\/detido-no-zaire-cidadao-acusado-de-violar-sexualmente-a-enteada-de-9-anos\/\"\n\t\t\t\t\t\tdata-qtmplayer-icon=\"file_download\"\n\t\t\t\t\t\tdata-qtmplayer-type=\"track\"\n\t\t\t class=\"qtmplayer-play qtmplayer-link-sec qtmplayer-play-btn\"><i class='material-icons'>play_arrow<\/i><\/span>\n\t\t<p>\n\t\t\t<span class=\"qtmplayer-tit\">Detido no Zaire cidad\u00e3o acusado de violar sexualmente a enteada de 9 anos<\/span>\n\t\t\t<span class=\"qtmplayer-art\">Patr\u00edcia Campos<\/span>\n\t\t<\/p>\n\t<\/li>\n\t\t<\/ul>\n\t<\/div>\t\t\t\n\t\n","protected":false},"excerpt":{"rendered":"<p>No Zaire, o Servi\u00e7o de Investiga\u00e7\u00e3o Criminal deteve um cidad\u00e3o acusado de ter violado sexualmente a enteada de 9 anos. O acusado de 54 anos aliciou a menina \u00a0e aproveitou a aus\u00eancia da esposa para consumar o acto. Outros dados com o jornalista Diabanza Eduardo. Clique no \u00e1udio abaixo e ...<\/p>\n","protected":false},"author":21,"featured_media":142910,"comment_status":"closed","ping_status":"closed","sticky":false,"template":"","format":"standard","meta":[],"categories":[142,121,164,163],"tags":[],"_links":{"self":[{"href":"https:\/\/rna.ao\/rna.ao\/wp-json\/wp\/v2\/posts\/177788"}],"collection":[{"href":"https:\/\/rna.ao\/rna.ao\/wp-json\/wp\/v2\/posts"}],"about":[{"href":"https:\/\/rna.ao\/rna.ao\/wp-json\/wp\/v2\/types\/post"}],"author":[{"embeddable":true,"href":"https:\/\/rna.ao\/rna.ao\/wp-json\/wp\/v2\/users\/21"}],"replies":[{"embeddable":true,"href":"https:\/\/rna.ao\/rna.ao\/wp-json\/wp\/v2\/comments?post=177788"}],"version-history":[{"count":1,"href":"https:\/\/rna.ao\/rna.ao\/wp-json\/wp\/v2\/posts\/177788\/revisions"}],"predecessor-version":[{"id":177790,"href":"https:\/\/rna.ao\/rna.ao\/wp-json\/wp\/v2\/posts\/177788\/revisions\/177790"}],"wp:featuredmedia":[{"embeddable":true,"href":"https:\/\/rna.ao\/rna.ao\/wp-json\/wp\/v2\/media\/142910"}],"wp:attachment":[{"href":"https:\/\/rna.ao\/rna.ao\/wp-json\/wp\/v2\/media?parent=177788"}],"wp:term":[{"taxonomy":"category","embeddable":true,"href":"https:\/\/rna.ao\/rna.ao\/wp-json\/wp\/v2\/categories?post=177788"},{"taxonomy":"post_tag","embeddable":true,"href":"https:\/\/rna.ao\/rna.ao\/wp-json\/wp\/v2\/tags?post=177788"}],"curies":[{"name":"wp","href":"https:\/\/api.w.org\/{rel}","templated":true}]}}