{"id":177784,"date":"2025-05-10T21:54:16","date_gmt":"2025-05-10T20:54:16","guid":{"rendered":"https:\/\/rna.ao\/rna.ao\/?p=177784"},"modified":"2025-05-11T07:06:51","modified_gmt":"2025-05-11T06:06:51","slug":"lupito-feijo-e-o-novo-secretario-geral-da-uniao-dos-escritores-angolanos","status":"publish","type":"post","link":"https:\/\/rna.ao\/rna.ao\/2025\/05\/10\/lupito-feijo-e-o-novo-secretario-geral-da-uniao-dos-escritores-angolanos\/","title":{"rendered":"Lopito Feij\u00f3 \u00e9 o novo Secret\u00e1rio-geral da Uni\u00e3o  dos Escritores Angolanos"},"content":{"rendered":"<p><img loading=\"lazy\" class=\"alignnone size-full wp-image-177786\" src=\"https:\/\/rna.ao\/rna.ao\/wp-content\/uploads\/2025\/05\/6AB74081-5E00-4F77-9067-963A3E25A4C2.jpeg\" alt=\"\" width=\"640\" height=\"427\" \/><br \/>\nA Uni\u00e3o dos Escritores Angolanos j\u00e1 tem novo Secret\u00e1rio-geral.<\/p>\n<p>O escritor Lopito Feij\u00f3 foi eleito Secret\u00e1rio-geral da Uni\u00e3o dos Angolanos com 44 votos a favor.<\/p>\n<p>Lopito Feij\u00f3 superou na concorr\u00eancia Kanguimbo Anan\u00e1s e Marta Santos . Clique no \u00e1udio abaixo e ou\u00e7a a reportagem de Joaquim Neto.<\/p>\n\t<div class=\"qtmplayer-playlist-large\">\n\t\t<ul class=\"qtmplayer-playlist\">\n\t\t\t\n\t\t\t\t\t<li class=\"qtmplayer-trackitem\">\n\t\t<img src=\"https:\/\/rna.ao\/rna.ao\/wp-content\/uploads\/2025\/05\/6AB74081-5E00-4F77-9067-963A3E25A4C2-100x100.jpeg\" alt=\"cover\">\t\t<span \t\t\tdata-qtmplayer-cover=\"https:\/\/rna.ao\/rna.ao\/wp-content\/uploads\/2025\/05\/6AB74081-5E00-4F77-9067-963A3E25A4C2-370x370.jpeg\"\n\t\t\t\t\t\tdata-qtmplayer-file=\"https:\/\/rna.ao\/rna.ao\/wp-content\/uploads\/2025\/05\/JOAQUIM-NETO.mp3\"\n\t\t\t\t\t\tdata-qtmplayer-title=\"Lopito Feij\u00f3 \u00e9 o novo Secret\u00e1rio-geral da Uni\u00e3o  dos Escritores Angolanos\"\n\t\t\t\t\t\tdata-qtmplayer-artist=\"Patr\u00edcia Campos\"\n\t\t\t\t\t\tdata-qtmplayer-link=\"https:\/\/rna.ao\/rna.ao\/2025\/05\/10\/lupito-feijo-e-o-novo-secretario-geral-da-uniao-dos-escritores-angolanos\/\"\n\t\t\t\t\t\tdata-qtmplayer-icon=\"file_download\"\n\t\t\t\t\t\tdata-qtmplayer-type=\"track\"\n\t\t\t class=\"qtmplayer-play qtmplayer-link-sec qtmplayer-play-btn\"><i class='material-icons'>play_arrow<\/i><\/span>\n\t\t<p>\n\t\t\t<span class=\"qtmplayer-tit\">Lopito Feij\u00f3 \u00e9 o novo Secret\u00e1rio-geral da Uni\u00e3o  dos Escritores Angolanos<\/span>\n\t\t\t<span class=\"qtmplayer-art\">Patr\u00edcia Campos<\/span>\n\t\t<\/p>\n\t<\/li>\n\t\t<\/ul>\n\t<\/div>\t\t\t\n\t\n","protected":false},"excerpt":{"rendered":"<p>A Uni\u00e3o dos Escritores Angolanos j\u00e1 tem novo Secret\u00e1rio-geral. O escritor Lopito Feij\u00f3 foi eleito Secret\u00e1rio-geral da Uni\u00e3o dos Angolanos com 44 votos a favor. Lopito Feij\u00f3 superou na concorr\u00eancia Kanguimbo Anan\u00e1s e Marta Santos . Clique no \u00e1udio abaixo e ou\u00e7a a reportagem de Joaquim Neto.<\/p>\n","protected":false},"author":21,"featured_media":177786,"comment_status":"closed","ping_status":"closed","sticky":false,"template":"","format":"standard","meta":[],"categories":[142,121,164,163],"tags":[],"_links":{"self":[{"href":"https:\/\/rna.ao\/rna.ao\/wp-json\/wp\/v2\/posts\/177784"}],"collection":[{"href":"https:\/\/rna.ao\/rna.ao\/wp-json\/wp\/v2\/posts"}],"about":[{"href":"https:\/\/rna.ao\/rna.ao\/wp-json\/wp\/v2\/types\/post"}],"author":[{"embeddable":true,"href":"https:\/\/rna.ao\/rna.ao\/wp-json\/wp\/v2\/users\/21"}],"replies":[{"embeddable":true,"href":"https:\/\/rna.ao\/rna.ao\/wp-json\/wp\/v2\/comments?post=177784"}],"version-history":[{"count":4,"href":"https:\/\/rna.ao\/rna.ao\/wp-json\/wp\/v2\/posts\/177784\/revisions"}],"predecessor-version":[{"id":177794,"href":"https:\/\/rna.ao\/rna.ao\/wp-json\/wp\/v2\/posts\/177784\/revisions\/177794"}],"wp:featuredmedia":[{"embeddable":true,"href":"https:\/\/rna.ao\/rna.ao\/wp-json\/wp\/v2\/media\/177786"}],"wp:attachment":[{"href":"https:\/\/rna.ao\/rna.ao\/wp-json\/wp\/v2\/media?parent=177784"}],"wp:term":[{"taxonomy":"category","embeddable":true,"href":"https:\/\/rna.ao\/rna.ao\/wp-json\/wp\/v2\/categories?post=177784"},{"taxonomy":"post_tag","embeddable":true,"href":"https:\/\/rna.ao\/rna.ao\/wp-json\/wp\/v2\/tags?post=177784"}],"curies":[{"name":"wp","href":"https:\/\/api.w.org\/{rel}","templated":true}]}}