{"id":177773,"date":"2025-05-10T20:55:36","date_gmt":"2025-05-10T19:55:36","guid":{"rendered":"https:\/\/rna.ao\/rna.ao\/?p=177773"},"modified":"2025-05-10T21:00:42","modified_gmt":"2025-05-10T20:00:42","slug":"177773","status":"publish","type":"post","link":"https:\/\/rna.ao\/rna.ao\/2025\/05\/10\/177773\/","title":{"rendered":"Ministro M\u00e1rio Oliveira defende necessidade de uma comunica\u00e7\u00e3o mais respons\u00e1vel e isenta"},"content":{"rendered":"<p><img loading=\"lazy\" class=\"alignnone size-medium wp-image-177775\" src=\"https:\/\/rna.ao\/rna.ao\/wp-content\/uploads\/2025\/05\/A05649E5-10FE-4270-9EDB-BE01CBA79A11-770x450.jpeg\" alt=\"\" width=\"770\" height=\"450\" srcset=\"https:\/\/rna.ao\/rna.ao\/wp-content\/uploads\/2025\/05\/A05649E5-10FE-4270-9EDB-BE01CBA79A11-770x450.jpeg 770w, https:\/\/rna.ao\/rna.ao\/wp-content\/uploads\/2025\/05\/A05649E5-10FE-4270-9EDB-BE01CBA79A11-1170x684.jpeg 1170w, https:\/\/rna.ao\/rna.ao\/wp-content\/uploads\/2025\/05\/A05649E5-10FE-4270-9EDB-BE01CBA79A11-768x449.jpeg 768w, https:\/\/rna.ao\/rna.ao\/wp-content\/uploads\/2025\/05\/A05649E5-10FE-4270-9EDB-BE01CBA79A11.jpeg 1290w\" sizes=\"(max-width: 770px) 100vw, 770px\" \/><br \/>\nO Ministro das telecomunica\u00e7\u00f5es tecnologias de informa\u00e7\u00e3o e comunica\u00e7\u00e3o social \u00a0defendeu hoje a necessidade de uma comunica\u00e7\u00e3o mais respons\u00e1vel e isenta.<br \/>\nO Ministro M\u00e1rio Oliveira fez estas declara\u00e7\u00f5es na sess\u00e3o de encerramento do terceiro conselho consultivo do Minist\u00e9rio de sua tutela. Jornalista Fowen Macanja. Clique no \u00e1udio e ou\u00e7a:<\/p>\n\t<div class=\"qtmplayer-playlist-large\">\n\t\t<ul class=\"qtmplayer-playlist\">\n\t\t\t\n\t\t\t\t\t<li class=\"qtmplayer-trackitem\">\n\t\t<img src=\"https:\/\/rna.ao\/rna.ao\/wp-content\/uploads\/2025\/05\/9238500F-A2CE-4769-AC63-85E78FA385DD-100x100.jpeg\" alt=\"cover\">\t\t<span \t\t\tdata-qtmplayer-cover=\"https:\/\/rna.ao\/rna.ao\/wp-content\/uploads\/2025\/05\/9238500F-A2CE-4769-AC63-85E78FA385DD-370x370.jpeg\"\n\t\t\t\t\t\tdata-qtmplayer-file=\"https:\/\/rna.ao\/rna.ao\/wp-content\/uploads\/2025\/05\/FOWEN-MACANJA.mp3\"\n\t\t\t\t\t\tdata-qtmplayer-title=\"Ministro M\u00e1rio Oliveira defende necessidade de uma comunica\u00e7\u00e3o mais respons\u00e1vel e isenta\"\n\t\t\t\t\t\tdata-qtmplayer-artist=\"Patr\u00edcia Campos\"\n\t\t\t\t\t\tdata-qtmplayer-link=\"https:\/\/rna.ao\/rna.ao\/2025\/05\/10\/177773\/\"\n\t\t\t\t\t\tdata-qtmplayer-icon=\"file_download\"\n\t\t\t\t\t\tdata-qtmplayer-type=\"track\"\n\t\t\t class=\"qtmplayer-play qtmplayer-link-sec qtmplayer-play-btn\"><i class='material-icons'>play_arrow<\/i><\/span>\n\t\t<p>\n\t\t\t<span class=\"qtmplayer-tit\">Ministro M\u00e1rio Oliveira defende necessidade de uma comunica\u00e7\u00e3o mais respons\u00e1vel e isenta<\/span>\n\t\t\t<span class=\"qtmplayer-art\">Patr\u00edcia Campos<\/span>\n\t\t<\/p>\n\t<\/li>\n\t\t<\/ul>\n\t<\/div>\t\t\t\n\t\n","protected":false},"excerpt":{"rendered":"<p>O Ministro das telecomunica\u00e7\u00f5es tecnologias de informa\u00e7\u00e3o e comunica\u00e7\u00e3o social \u00a0defendeu hoje a necessidade de uma comunica\u00e7\u00e3o mais respons\u00e1vel e isenta. O Ministro M\u00e1rio Oliveira fez estas declara\u00e7\u00f5es na sess\u00e3o de encerramento do terceiro conselho consultivo do Minist\u00e9rio de sua tutela. Jornalista Fowen Macanja. Clique no \u00e1udio e ou\u00e7a:<\/p>\n","protected":false},"author":21,"featured_media":177778,"comment_status":"closed","ping_status":"closed","sticky":false,"template":"","format":"standard","meta":[],"categories":[142,121,164,163,1],"tags":[],"_links":{"self":[{"href":"https:\/\/rna.ao\/rna.ao\/wp-json\/wp\/v2\/posts\/177773"}],"collection":[{"href":"https:\/\/rna.ao\/rna.ao\/wp-json\/wp\/v2\/posts"}],"about":[{"href":"https:\/\/rna.ao\/rna.ao\/wp-json\/wp\/v2\/types\/post"}],"author":[{"embeddable":true,"href":"https:\/\/rna.ao\/rna.ao\/wp-json\/wp\/v2\/users\/21"}],"replies":[{"embeddable":true,"href":"https:\/\/rna.ao\/rna.ao\/wp-json\/wp\/v2\/comments?post=177773"}],"version-history":[{"count":3,"href":"https:\/\/rna.ao\/rna.ao\/wp-json\/wp\/v2\/posts\/177773\/revisions"}],"predecessor-version":[{"id":177779,"href":"https:\/\/rna.ao\/rna.ao\/wp-json\/wp\/v2\/posts\/177773\/revisions\/177779"}],"wp:featuredmedia":[{"embeddable":true,"href":"https:\/\/rna.ao\/rna.ao\/wp-json\/wp\/v2\/media\/177778"}],"wp:attachment":[{"href":"https:\/\/rna.ao\/rna.ao\/wp-json\/wp\/v2\/media?parent=177773"}],"wp:term":[{"taxonomy":"category","embeddable":true,"href":"https:\/\/rna.ao\/rna.ao\/wp-json\/wp\/v2\/categories?post=177773"},{"taxonomy":"post_tag","embeddable":true,"href":"https:\/\/rna.ao\/rna.ao\/wp-json\/wp\/v2\/tags?post=177773"}],"curies":[{"name":"wp","href":"https:\/\/api.w.org\/{rel}","templated":true}]}}