{"id":177747,"date":"2025-05-10T07:54:02","date_gmt":"2025-05-10T06:54:02","guid":{"rendered":"https:\/\/rna.ao\/rna.ao\/?p=177747"},"modified":"2025-05-10T07:54:02","modified_gmt":"2025-05-10T06:54:02","slug":"angola-regista-nas-ultimas-24-horas-5-mortes-e-248-novos-de-caso-de-colera","status":"publish","type":"post","link":"https:\/\/rna.ao\/rna.ao\/2025\/05\/10\/angola-regista-nas-ultimas-24-horas-5-mortes-e-248-novos-de-caso-de-colera\/","title":{"rendered":"Angola regista nas \u00faltimas 24 horas 5 mortes e 248 novos de caso de c\u00f3lera"},"content":{"rendered":"<p><img loading=\"lazy\" class=\"alignnone size-full wp-image-175720\" src=\"https:\/\/rna.ao\/rna.ao\/wp-content\/uploads\/2025\/04\/colera-viana.jpg\" alt=\"\" width=\"304\" height=\"166\" \/><\/p>\n<p class=\"p1\"><span class=\"s1\">Angola registou<span class=\"Apple-converted-space\">\u00a0 <\/span>5 mortes e 248 novos casos de c\u00f3lera nas \u00faltimas24 horas.<span class=\"Apple-converted-space\">\u00a0 <\/span><\/span><\/p>\n<p class=\"p1\"><span class=\"s1\">De acordo com os dados da direc\u00e7\u00e3o nacional de sa\u00fade p\u00fablica nas \u00faltimas 24 horas, Benguela registou 79 novos casos<span class=\"Apple-converted-space\">\u00a0 <\/span>de c\u00f3lera.<br \/>\n<\/span><\/p>\n<p class=\"p1\"><span class=\"s1\">No mesmo per\u00edodo, Luanda diagnosticou 54 novos casos, o<span class=\"Apple-converted-space\">\u00a0 <\/span>cuanza-sul 33,Namibe 26, cuanza-norte 23 , Malange 13 casos , Icolo e bengo com 8 casos e Huila e o Zaire com 6 casos cada. <\/span><\/p>\n<p class=\"p1\"><span class=\"s1\">Nas \u00faltimas 24 horas 254 pessoas receberam alta<span class=\"Apple-converted-space\">\u00a0 <\/span>m\u00e9dica e 567 est\u00e3o internadas. <\/span><\/p>\n<p class=\"p1\"><span class=\"s1\">Desde o in\u00edcio do surto de c\u00f3lera , o pa\u00eds j\u00e1 registou 19.122 casos e 597mortes. <\/span><span class=\"s1\">A taxa de letalidade nesta altura ronda os 3.1%.<\/span><\/p>\n<p class=\"p1\"><span class=\"s1\">As autoridades sanit\u00e1rias continuam a apelar \u00e0 popula\u00e7\u00e3o a redobrar as medidas de preven\u00e7\u00e3o da c\u00f3lera, como lavar frequentemente as m\u00e3os, lavar bem as frutas e verduras antes de as consumir e manter a higiene e o saneamento do meio. <\/span><\/p>\n","protected":false},"excerpt":{"rendered":"<p>Angola registou\u00a0 5 mortes e 248 novos casos de c\u00f3lera nas \u00faltimas24 horas.\u00a0 De acordo com os dados da direc\u00e7\u00e3o nacional de sa\u00fade p\u00fablica nas \u00faltimas 24 horas, Benguela registou 79 novos casos\u00a0 de c\u00f3lera. No mesmo per\u00edodo, Luanda diagnosticou 54 novos casos, o\u00a0 cuanza-sul 33,Namibe 26, cuanza-norte 23 , ...<\/p>\n","protected":false},"author":21,"featured_media":175720,"comment_status":"closed","ping_status":"closed","sticky":false,"template":"","format":"standard","meta":[],"categories":[142,121,164,163],"tags":[],"_links":{"self":[{"href":"https:\/\/rna.ao\/rna.ao\/wp-json\/wp\/v2\/posts\/177747"}],"collection":[{"href":"https:\/\/rna.ao\/rna.ao\/wp-json\/wp\/v2\/posts"}],"about":[{"href":"https:\/\/rna.ao\/rna.ao\/wp-json\/wp\/v2\/types\/post"}],"author":[{"embeddable":true,"href":"https:\/\/rna.ao\/rna.ao\/wp-json\/wp\/v2\/users\/21"}],"replies":[{"embeddable":true,"href":"https:\/\/rna.ao\/rna.ao\/wp-json\/wp\/v2\/comments?post=177747"}],"version-history":[{"count":1,"href":"https:\/\/rna.ao\/rna.ao\/wp-json\/wp\/v2\/posts\/177747\/revisions"}],"predecessor-version":[{"id":177748,"href":"https:\/\/rna.ao\/rna.ao\/wp-json\/wp\/v2\/posts\/177747\/revisions\/177748"}],"wp:featuredmedia":[{"embeddable":true,"href":"https:\/\/rna.ao\/rna.ao\/wp-json\/wp\/v2\/media\/175720"}],"wp:attachment":[{"href":"https:\/\/rna.ao\/rna.ao\/wp-json\/wp\/v2\/media?parent=177747"}],"wp:term":[{"taxonomy":"category","embeddable":true,"href":"https:\/\/rna.ao\/rna.ao\/wp-json\/wp\/v2\/categories?post=177747"},{"taxonomy":"post_tag","embeddable":true,"href":"https:\/\/rna.ao\/rna.ao\/wp-json\/wp\/v2\/tags?post=177747"}],"curies":[{"name":"wp","href":"https:\/\/api.w.org\/{rel}","templated":true}]}}