{"id":177731,"date":"2025-05-09T21:18:04","date_gmt":"2025-05-09T20:18:04","guid":{"rendered":"https:\/\/rna.ao\/rna.ao\/?p=177731"},"modified":"2025-05-09T21:18:04","modified_gmt":"2025-05-09T20:18:04","slug":"mercado-da-avo-mabunda-ganha-nova-imagem-apos-encerramento-temporario-no-ambito-do-combate-a-colera","status":"publish","type":"post","link":"https:\/\/rna.ao\/rna.ao\/2025\/05\/09\/mercado-da-avo-mabunda-ganha-nova-imagem-apos-encerramento-temporario-no-ambito-do-combate-a-colera\/","title":{"rendered":"Mercado da Av\u00f3 Mabunda ganha nova imagem ap\u00f3s encerramento tempor\u00e1rio no \u00e2mbito do combate \u00e0 c\u00f3lera"},"content":{"rendered":"<p><img loading=\"lazy\" class=\"alignnone size-medium wp-image-177732\" src=\"https:\/\/rna.ao\/rna.ao\/wp-content\/uploads\/2025\/05\/IMG_3518-770x444.jpeg\" alt=\"\" width=\"770\" height=\"444\" srcset=\"https:\/\/rna.ao\/rna.ao\/wp-content\/uploads\/2025\/05\/IMG_3518-770x444.jpeg 770w, https:\/\/rna.ao\/rna.ao\/wp-content\/uploads\/2025\/05\/IMG_3518-1170x674.jpeg 1170w, https:\/\/rna.ao\/rna.ao\/wp-content\/uploads\/2025\/05\/IMG_3518-768x443.jpeg 768w, https:\/\/rna.ao\/rna.ao\/wp-content\/uploads\/2025\/05\/IMG_3518.jpeg 1438w\" sizes=\"(max-width: 770px) 100vw, 770px\" \/>Ap\u00f3s o seu encerramento tempor\u00e1rio devido ao ac\u00famulo excessivo de lixo, come\u00e7am a ser registados avan\u00e7os significativos nas obras de requalifica\u00e7\u00e3o do Mercado da Av\u00f3 Mabunda, situado no munic\u00edpio da Samba, junto \u00e0 Praia Am\u00e9lia, na prov\u00edncia de Luanda.<\/p>\n<p>Quando entrar em funcionamento, o novo espa\u00e7o contar\u00e1 com mais de 500 bancadas, \u00e1gua corrente, energia el\u00e9ctrica, ecoponto para dep\u00f3sito de res\u00edduos s\u00f3lidos, corpo de seguran\u00e7a, sanit\u00e1rios modernos e uma equipa de vigil\u00e2ncia dedicada \u00e0 manuten\u00e7\u00e3o permanente do saneamento b\u00e1sico.<\/p>\n<p>O mercado funcionar\u00e1 das 7h00 \u00e0s 17h00, de ter\u00e7a-feira a s\u00e1bado.<\/p>\n<p>A reabertura oficial do Mercado da Av\u00f3 Mabunda acontecer\u00e1 assim que as obras forem conclu\u00eddas.<\/p>\n","protected":false},"excerpt":{"rendered":"<p>Ap\u00f3s o seu encerramento tempor\u00e1rio devido ao ac\u00famulo excessivo de lixo, come\u00e7am a ser registados avan\u00e7os significativos nas obras de requalifica\u00e7\u00e3o do Mercado da Av\u00f3 Mabunda, situado no munic\u00edpio da Samba, junto \u00e0 Praia Am\u00e9lia, na prov\u00edncia de Luanda. Quando entrar em funcionamento, o novo espa\u00e7o contar\u00e1 com mais de ...<\/p>\n","protected":false},"author":16,"featured_media":177733,"comment_status":"closed","ping_status":"closed","sticky":false,"template":"","format":"standard","meta":[],"categories":[141,133,1],"tags":[],"_links":{"self":[{"href":"https:\/\/rna.ao\/rna.ao\/wp-json\/wp\/v2\/posts\/177731"}],"collection":[{"href":"https:\/\/rna.ao\/rna.ao\/wp-json\/wp\/v2\/posts"}],"about":[{"href":"https:\/\/rna.ao\/rna.ao\/wp-json\/wp\/v2\/types\/post"}],"author":[{"embeddable":true,"href":"https:\/\/rna.ao\/rna.ao\/wp-json\/wp\/v2\/users\/16"}],"replies":[{"embeddable":true,"href":"https:\/\/rna.ao\/rna.ao\/wp-json\/wp\/v2\/comments?post=177731"}],"version-history":[{"count":1,"href":"https:\/\/rna.ao\/rna.ao\/wp-json\/wp\/v2\/posts\/177731\/revisions"}],"predecessor-version":[{"id":177734,"href":"https:\/\/rna.ao\/rna.ao\/wp-json\/wp\/v2\/posts\/177731\/revisions\/177734"}],"wp:featuredmedia":[{"embeddable":true,"href":"https:\/\/rna.ao\/rna.ao\/wp-json\/wp\/v2\/media\/177733"}],"wp:attachment":[{"href":"https:\/\/rna.ao\/rna.ao\/wp-json\/wp\/v2\/media?parent=177731"}],"wp:term":[{"taxonomy":"category","embeddable":true,"href":"https:\/\/rna.ao\/rna.ao\/wp-json\/wp\/v2\/categories?post=177731"},{"taxonomy":"post_tag","embeddable":true,"href":"https:\/\/rna.ao\/rna.ao\/wp-json\/wp\/v2\/tags?post=177731"}],"curies":[{"name":"wp","href":"https:\/\/api.w.org\/{rel}","templated":true}]}}