{"id":177696,"date":"2025-05-09T17:09:10","date_gmt":"2025-05-09T16:09:10","guid":{"rendered":"https:\/\/rna.ao\/rna.ao\/?p=177696"},"modified":"2025-05-09T17:09:10","modified_gmt":"2025-05-09T16:09:10","slug":"banco-mundial-esta-a-financiar-projecto-de-desenvolvimento-do-ensino-em-angola-avaliado-em-200-milhoes-de-dolares","status":"publish","type":"post","link":"https:\/\/rna.ao\/rna.ao\/2025\/05\/09\/banco-mundial-esta-a-financiar-projecto-de-desenvolvimento-do-ensino-em-angola-avaliado-em-200-milhoes-de-dolares\/","title":{"rendered":"Banco Mundial est\u00e1 a financiar projecto de desenvolvimento do ensino em Angola avaliado em 200 milh\u00f5es de d\u00f3lares"},"content":{"rendered":"<p><img loading=\"lazy\" class=\"alignnone size-medium wp-image-177697\" src=\"https:\/\/rna.ao\/rna.ao\/wp-content\/uploads\/2025\/05\/IMG_3497-770x578.jpeg\" alt=\"\" width=\"770\" height=\"578\" srcset=\"https:\/\/rna.ao\/rna.ao\/wp-content\/uploads\/2025\/05\/IMG_3497-770x578.jpeg 770w, https:\/\/rna.ao\/rna.ao\/wp-content\/uploads\/2025\/05\/IMG_3497-1170x878.jpeg 1170w, https:\/\/rna.ao\/rna.ao\/wp-content\/uploads\/2025\/05\/IMG_3497-768x576.jpeg 768w, https:\/\/rna.ao\/rna.ao\/wp-content\/uploads\/2025\/05\/IMG_3497-1536x1152.jpeg 1536w, https:\/\/rna.ao\/rna.ao\/wp-content\/uploads\/2025\/05\/IMG_3497.jpeg 2048w\" sizes=\"(max-width: 770px) 100vw, 770px\" \/>O Banco Mundial est\u00e1 a financiar um projecto de desenvolvimento do ensino em Angola, avaliado em duzentos milh\u00f5es de d\u00f3lares.<\/p>\n<p>O projecto abrange do ensino prim\u00e1rio ao superior, com a forma\u00e7\u00e3o de professores e a aquisi\u00e7\u00e3o de material did\u00e1tico para a melhoria do processo docente-educativo.<\/p>\n<p>A informa\u00e7\u00e3o foi avan\u00e7ada pela economista do Banco Mundial, Natacha de Andrade, \u00e0 margem do workshop de apresenta\u00e7\u00e3o p\u00fablica do acordo de financiamento para Angola. Clique no \u00e1udio e ou\u00e7a:<\/p>\n\t<div class=\"qtmplayer-playlist-large\">\n\t\t<ul class=\"qtmplayer-playlist\">\n\t\t\t\n\t\t\t\t\t<li class=\"qtmplayer-trackitem\">\n\t\t<img src=\"https:\/\/rna.ao\/rna.ao\/wp-content\/uploads\/2025\/05\/IMG_3498-100x100.jpeg\" alt=\"cover\">\t\t<span \t\t\tdata-qtmplayer-cover=\"https:\/\/rna.ao\/rna.ao\/wp-content\/uploads\/2025\/05\/IMG_3498-370x370.jpeg\"\n\t\t\t\t\t\tdata-qtmplayer-file=\"https:\/\/rna.ao\/rna.ao\/wp-content\/uploads\/2025\/05\/NATACHA-ANDRADE-13HRS-.mp3\"\n\t\t\t\t\t\tdata-qtmplayer-title=\"Banco Mundial est\u00e1 a financiar projecto de desenvolvimento do ensino em Angola avaliado em 200 milh\u00f5es de d\u00f3lares\"\n\t\t\t\t\t\tdata-qtmplayer-artist=\"Juliana Nunes\"\n\t\t\t\t\t\tdata-qtmplayer-link=\"https:\/\/rna.ao\/rna.ao\/2025\/05\/09\/banco-mundial-esta-a-financiar-projecto-de-desenvolvimento-do-ensino-em-angola-avaliado-em-200-milhoes-de-dolares\/\"\n\t\t\t\t\t\tdata-qtmplayer-icon=\"file_download\"\n\t\t\t\t\t\tdata-qtmplayer-type=\"track\"\n\t\t\t class=\"qtmplayer-play qtmplayer-link-sec qtmplayer-play-btn\"><i class='material-icons'>play_arrow<\/i><\/span>\n\t\t<p>\n\t\t\t<span class=\"qtmplayer-tit\">Banco Mundial est\u00e1 a financiar projecto de desenvolvimento do ensino em Angola avaliado em 200 milh\u00f5es de d\u00f3lares<\/span>\n\t\t\t<span class=\"qtmplayer-art\">Juliana Nunes<\/span>\n\t\t<\/p>\n\t<\/li>\n\t\t<\/ul>\n\t<\/div>\t\t\t\n\t\n<p>J\u00e1 o consultor do projecto de desenvolvimento do ensino superior, ci\u00eancia e tecnologia, Jorge Veloso, disse que foram seleccionadas seis institui\u00e7\u00f5es de ensino, e cada uma vai receber um financiamento de tr\u00eas milh\u00f5es de d\u00f3lares. Clique no \u00e1udio e ou\u00e7a:<\/p>\n\t<div class=\"qtmplayer-playlist-large\">\n\t\t<ul class=\"qtmplayer-playlist\">\n\t\t\t\n\t\t\t\t\t<li class=\"qtmplayer-trackitem\">\n\t\t<img src=\"https:\/\/rna.ao\/rna.ao\/wp-content\/uploads\/2025\/05\/IMG_3498-100x100.jpeg\" alt=\"cover\">\t\t<span \t\t\tdata-qtmplayer-cover=\"https:\/\/rna.ao\/rna.ao\/wp-content\/uploads\/2025\/05\/IMG_3498-370x370.jpeg\"\n\t\t\t\t\t\tdata-qtmplayer-file=\"https:\/\/rna.ao\/rna.ao\/wp-content\/uploads\/2025\/05\/JORGE-VELOSO-13HRS.mp3\"\n\t\t\t\t\t\tdata-qtmplayer-title=\"Banco Mundial est\u00e1 a financiar projecto de desenvolvimento do ensino em Angola avaliado em 200 milh\u00f5es de d\u00f3lares\"\n\t\t\t\t\t\tdata-qtmplayer-artist=\"Juliana Nunes\"\n\t\t\t\t\t\tdata-qtmplayer-link=\"https:\/\/rna.ao\/rna.ao\/2025\/05\/09\/banco-mundial-esta-a-financiar-projecto-de-desenvolvimento-do-ensino-em-angola-avaliado-em-200-milhoes-de-dolares\/\"\n\t\t\t\t\t\tdata-qtmplayer-icon=\"file_download\"\n\t\t\t\t\t\tdata-qtmplayer-type=\"track\"\n\t\t\t class=\"qtmplayer-play qtmplayer-link-sec qtmplayer-play-btn\"><i class='material-icons'>play_arrow<\/i><\/span>\n\t\t<p>\n\t\t\t<span class=\"qtmplayer-tit\">Banco Mundial est\u00e1 a financiar projecto de desenvolvimento do ensino em Angola avaliado em 200 milh\u00f5es de d\u00f3lares<\/span>\n\t\t\t<span class=\"qtmplayer-art\">Juliana Nunes<\/span>\n\t\t<\/p>\n\t<\/li>\n\t\t<\/ul>\n\t<\/div>\t\t\t\n\t\n","protected":false},"excerpt":{"rendered":"<p>O Banco Mundial est\u00e1 a financiar um projecto de desenvolvimento do ensino em Angola, avaliado em duzentos milh\u00f5es de d\u00f3lares. O projecto abrange do ensino prim\u00e1rio ao superior, com a forma\u00e7\u00e3o de professores e a aquisi\u00e7\u00e3o de material did\u00e1tico para a melhoria do processo docente-educativo. A informa\u00e7\u00e3o foi avan\u00e7ada pela ...<\/p>\n","protected":false},"author":16,"featured_media":177698,"comment_status":"closed","ping_status":"closed","sticky":false,"template":"","format":"standard","meta":[],"categories":[142,121,164,163],"tags":[],"_links":{"self":[{"href":"https:\/\/rna.ao\/rna.ao\/wp-json\/wp\/v2\/posts\/177696"}],"collection":[{"href":"https:\/\/rna.ao\/rna.ao\/wp-json\/wp\/v2\/posts"}],"about":[{"href":"https:\/\/rna.ao\/rna.ao\/wp-json\/wp\/v2\/types\/post"}],"author":[{"embeddable":true,"href":"https:\/\/rna.ao\/rna.ao\/wp-json\/wp\/v2\/users\/16"}],"replies":[{"embeddable":true,"href":"https:\/\/rna.ao\/rna.ao\/wp-json\/wp\/v2\/comments?post=177696"}],"version-history":[{"count":1,"href":"https:\/\/rna.ao\/rna.ao\/wp-json\/wp\/v2\/posts\/177696\/revisions"}],"predecessor-version":[{"id":177701,"href":"https:\/\/rna.ao\/rna.ao\/wp-json\/wp\/v2\/posts\/177696\/revisions\/177701"}],"wp:featuredmedia":[{"embeddable":true,"href":"https:\/\/rna.ao\/rna.ao\/wp-json\/wp\/v2\/media\/177698"}],"wp:attachment":[{"href":"https:\/\/rna.ao\/rna.ao\/wp-json\/wp\/v2\/media?parent=177696"}],"wp:term":[{"taxonomy":"category","embeddable":true,"href":"https:\/\/rna.ao\/rna.ao\/wp-json\/wp\/v2\/categories?post=177696"},{"taxonomy":"post_tag","embeddable":true,"href":"https:\/\/rna.ao\/rna.ao\/wp-json\/wp\/v2\/tags?post=177696"}],"curies":[{"name":"wp","href":"https:\/\/api.w.org\/{rel}","templated":true}]}}