{"id":177402,"date":"2025-05-07T18:08:38","date_gmt":"2025-05-07T17:08:38","guid":{"rendered":"https:\/\/rna.ao\/rna.ao\/?p=177402"},"modified":"2025-05-07T18:08:38","modified_gmt":"2025-05-07T17:08:38","slug":"accionistas-do-hipermercado-jumbo-anunciam-o-seu-encerramento-temporario-para-uma-reestruturacao-e-rescindem-contratos-com-dezenas-de-trabalhadores","status":"publish","type":"post","link":"https:\/\/rna.ao\/rna.ao\/2025\/05\/07\/accionistas-do-hipermercado-jumbo-anunciam-o-seu-encerramento-temporario-para-uma-reestruturacao-e-rescindem-contratos-com-dezenas-de-trabalhadores\/","title":{"rendered":"Accionistas do hipermercado Jumbo anunciam o seu encerramento tempor\u00e1rio para uma reestrutura\u00e7\u00e3o e rescindem contratos com dezenas de trabalhadores"},"content":{"rendered":"<p><img loading=\"lazy\" class=\"alignnone size-full wp-image-177403\" src=\"https:\/\/rna.ao\/rna.ao\/wp-content\/uploads\/2025\/05\/IMG_3368.jpeg\" alt=\"\" width=\"508\" height=\"261\" \/>Na sequ\u00eancia de um conjunto de factores estruturais e conjunturais que comprometeram a viabilidade da opera\u00e7\u00e3o, a Comiss\u00e3o Executiva da Jumbo \u2013 Sociedade Angolana de Distribui\u00e7\u00e3o, S.A, informa que, por delibera\u00e7\u00e3o dos seus accionistas, foi decidido proceder ao encerramento tempor\u00e1rio das actividades comerciais da empresa.<\/p>\n<p>Numa nota que a Redac\u00e7\u00e3o On-line da RNA teve acesso, a Comiss\u00e3o Executiva esclarece que este encerramento implicar\u00e1 igualmente a rescis\u00e3o dos contratos de trabalho, processo que ser\u00e1 conduzido em estrito cumprimento do regime legal do despedimento colectivo, nos termos da Lei Geral do Trabalho &#8211; LGT.<\/p>\n<p>A mesma nota sublinha que a decis\u00e3o visa criar as condi\u00e7\u00f5es necess\u00e1rias para a reestrutura\u00e7\u00e3o e moderniza\u00e7\u00e3o da marca, com vista \u00e0 sua retoma futura, num novo formato mais competitivo, eficiente e ajustado \u00e0s exig\u00eancias do mercado angolano.<\/p>\n","protected":false},"excerpt":{"rendered":"<p>Na sequ\u00eancia de um conjunto de factores estruturais e conjunturais que comprometeram a viabilidade da opera\u00e7\u00e3o, a Comiss\u00e3o Executiva da Jumbo \u2013 Sociedade Angolana de Distribui\u00e7\u00e3o, S.A, informa que, por delibera\u00e7\u00e3o dos seus accionistas, foi decidido proceder ao encerramento tempor\u00e1rio das actividades comerciais da empresa. Numa nota que a Redac\u00e7\u00e3o ...<\/p>\n","protected":false},"author":16,"featured_media":177403,"comment_status":"closed","ping_status":"closed","sticky":false,"template":"","format":"standard","meta":[],"categories":[141,133,164,163],"tags":[],"_links":{"self":[{"href":"https:\/\/rna.ao\/rna.ao\/wp-json\/wp\/v2\/posts\/177402"}],"collection":[{"href":"https:\/\/rna.ao\/rna.ao\/wp-json\/wp\/v2\/posts"}],"about":[{"href":"https:\/\/rna.ao\/rna.ao\/wp-json\/wp\/v2\/types\/post"}],"author":[{"embeddable":true,"href":"https:\/\/rna.ao\/rna.ao\/wp-json\/wp\/v2\/users\/16"}],"replies":[{"embeddable":true,"href":"https:\/\/rna.ao\/rna.ao\/wp-json\/wp\/v2\/comments?post=177402"}],"version-history":[{"count":1,"href":"https:\/\/rna.ao\/rna.ao\/wp-json\/wp\/v2\/posts\/177402\/revisions"}],"predecessor-version":[{"id":177404,"href":"https:\/\/rna.ao\/rna.ao\/wp-json\/wp\/v2\/posts\/177402\/revisions\/177404"}],"wp:featuredmedia":[{"embeddable":true,"href":"https:\/\/rna.ao\/rna.ao\/wp-json\/wp\/v2\/media\/177403"}],"wp:attachment":[{"href":"https:\/\/rna.ao\/rna.ao\/wp-json\/wp\/v2\/media?parent=177402"}],"wp:term":[{"taxonomy":"category","embeddable":true,"href":"https:\/\/rna.ao\/rna.ao\/wp-json\/wp\/v2\/categories?post=177402"},{"taxonomy":"post_tag","embeddable":true,"href":"https:\/\/rna.ao\/rna.ao\/wp-json\/wp\/v2\/tags?post=177402"}],"curies":[{"name":"wp","href":"https:\/\/api.w.org\/{rel}","templated":true}]}}