{"id":176359,"date":"2025-04-29T14:35:22","date_gmt":"2025-04-29T13:35:22","guid":{"rendered":"https:\/\/rna.ao\/rna.ao\/?p=176359"},"modified":"2025-04-29T14:35:22","modified_gmt":"2025-04-29T13:35:22","slug":"arsenal-e-psg-disputam-esta-noite-vantagem-nas-meias-finais-da-liga-dos-campeoes-da-uefa","status":"publish","type":"post","link":"https:\/\/rna.ao\/rna.ao\/2025\/04\/29\/arsenal-e-psg-disputam-esta-noite-vantagem-nas-meias-finais-da-liga-dos-campeoes-da-uefa\/","title":{"rendered":"Arsenal e PSG disputam esta noite vantagem nas meias-finais da Liga dos Campe\u00f5es da UEFA"},"content":{"rendered":"<p><img loading=\"lazy\" class=\"alignnone size-medium wp-image-176360\" src=\"https:\/\/rna.ao\/rna.ao\/wp-content\/uploads\/2025\/04\/IMG_3018-770x385.jpeg\" alt=\"\" width=\"770\" height=\"385\" srcset=\"https:\/\/rna.ao\/rna.ao\/wp-content\/uploads\/2025\/04\/IMG_3018-770x385.jpeg 770w, https:\/\/rna.ao\/rna.ao\/wp-content\/uploads\/2025\/04\/IMG_3018-768x384.jpeg 768w, https:\/\/rna.ao\/rna.ao\/wp-content\/uploads\/2025\/04\/IMG_3018.jpeg 783w\" sizes=\"(max-width: 770px) 100vw, 770px\" \/>O Arsenal, de Inglaterra, e o Paris Saint-Germain, de Fran\u00e7a, defrontam-se esta noite, \u00e0s 20 horas, no jogo da primeira m\u00e3o das meias-finais da Liga dos Campe\u00f5es da UEFA.<\/p>\n<p>A outra meia-final ser\u00e1 disputada amanh\u00e3, quarta-feira, tamb\u00e9m \u00e0s 20 horas, entre o Inter de Mil\u00e3o, de It\u00e1lia, e o Barcelona, de Espanha.<\/p>\n<p>Os jogos da segunda m\u00e3o est\u00e3o agendados para os dias 6 e 7 de maio do corrente ano.<\/p>\n<p>Nos quartos de final, o Arsenal eliminou o Real Madrid, enquanto o PSG afastou o Aston Villa. O Inter deixou pelo caminho o Bayern de Munique, e o Barcelona superou o Borussia Dortmund.<\/p>\n","protected":false},"excerpt":{"rendered":"<p>O Arsenal, de Inglaterra, e o Paris Saint-Germain, de Fran\u00e7a, defrontam-se esta noite, \u00e0s 20 horas, no jogo da primeira m\u00e3o das meias-finais da Liga dos Campe\u00f5es da UEFA. A outra meia-final ser\u00e1 disputada amanh\u00e3, quarta-feira, tamb\u00e9m \u00e0s 20 horas, entre o Inter de Mil\u00e3o, de It\u00e1lia, e o Barcelona, ...<\/p>\n","protected":false},"author":16,"featured_media":176360,"comment_status":"closed","ping_status":"closed","sticky":false,"template":"","format":"standard","meta":[],"categories":[145,125],"tags":[],"_links":{"self":[{"href":"https:\/\/rna.ao\/rna.ao\/wp-json\/wp\/v2\/posts\/176359"}],"collection":[{"href":"https:\/\/rna.ao\/rna.ao\/wp-json\/wp\/v2\/posts"}],"about":[{"href":"https:\/\/rna.ao\/rna.ao\/wp-json\/wp\/v2\/types\/post"}],"author":[{"embeddable":true,"href":"https:\/\/rna.ao\/rna.ao\/wp-json\/wp\/v2\/users\/16"}],"replies":[{"embeddable":true,"href":"https:\/\/rna.ao\/rna.ao\/wp-json\/wp\/v2\/comments?post=176359"}],"version-history":[{"count":1,"href":"https:\/\/rna.ao\/rna.ao\/wp-json\/wp\/v2\/posts\/176359\/revisions"}],"predecessor-version":[{"id":176361,"href":"https:\/\/rna.ao\/rna.ao\/wp-json\/wp\/v2\/posts\/176359\/revisions\/176361"}],"wp:featuredmedia":[{"embeddable":true,"href":"https:\/\/rna.ao\/rna.ao\/wp-json\/wp\/v2\/media\/176360"}],"wp:attachment":[{"href":"https:\/\/rna.ao\/rna.ao\/wp-json\/wp\/v2\/media?parent=176359"}],"wp:term":[{"taxonomy":"category","embeddable":true,"href":"https:\/\/rna.ao\/rna.ao\/wp-json\/wp\/v2\/categories?post=176359"},{"taxonomy":"post_tag","embeddable":true,"href":"https:\/\/rna.ao\/rna.ao\/wp-json\/wp\/v2\/tags?post=176359"}],"curies":[{"name":"wp","href":"https:\/\/api.w.org\/{rel}","templated":true}]}}