{"id":175241,"date":"2025-04-21T13:33:32","date_gmt":"2025-04-21T12:33:32","guid":{"rendered":"https:\/\/rna.ao\/rna.ao\/?p=175241"},"modified":"2025-04-21T16:06:38","modified_gmt":"2025-04-21T15:06:38","slug":"manuel-pereira-da-silva-ja-esta-em-funcoes-como-presidente-da-comissao-nacional-eleitoral","status":"publish","type":"post","link":"https:\/\/rna.ao\/rna.ao\/2025\/04\/21\/manuel-pereira-da-silva-ja-esta-em-funcoes-como-presidente-da-comissao-nacional-eleitoral\/","title":{"rendered":"Manuel Pereira da Silva j\u00e1 est\u00e1 em fun\u00e7\u00f5es como Presidente da Comiss\u00e3o Nacional eleitoral"},"content":{"rendered":"<p><img loading=\"lazy\" class=\"alignnone size-medium wp-image-175268\" src=\"https:\/\/rna.ao\/rna.ao\/wp-content\/uploads\/2025\/04\/IMG_1662-770x513.jpeg\" alt=\"\" width=\"770\" height=\"513\" srcset=\"https:\/\/rna.ao\/rna.ao\/wp-content\/uploads\/2025\/04\/IMG_1662-770x513.jpeg 770w, https:\/\/rna.ao\/rna.ao\/wp-content\/uploads\/2025\/04\/IMG_1662-1170x780.jpeg 1170w, https:\/\/rna.ao\/rna.ao\/wp-content\/uploads\/2025\/04\/IMG_1662-768x512.jpeg 768w, https:\/\/rna.ao\/rna.ao\/wp-content\/uploads\/2025\/04\/IMG_1662-1536x1023.jpeg 1536w, https:\/\/rna.ao\/rna.ao\/wp-content\/uploads\/2025\/04\/IMG_1662.jpeg 1600w\" sizes=\"(max-width: 770px) 100vw, 770px\" \/><\/p>\n<p>J\u00e1 est\u00e1 em fun\u00e7\u00f5es o Presidente reeleito da Comiss\u00e3o Nacional Eleitoral, Manuel Pereira da Silva, para um segundo mandato. A tomada de posse de Manuel Pereira da Silva aconteceu hoje em meio a cr\u00edticas e contesta\u00e7\u00f5es por parte da oposi\u00e7\u00e3o especialmente do grupo parlamentar da UNITA. Jornalista Ant\u00f3nio Chocolate. Clique no \u00e1udio abaixo e ou\u00e7a:<\/p>\n\t<div class=\"qtmplayer-playlist-large\">\n\t\t<ul class=\"qtmplayer-playlist\">\n\t\t\t\n\t\t\t\t\t<li class=\"qtmplayer-trackitem\">\n\t\t<img src=\"https:\/\/rna.ao\/rna.ao\/wp-content\/uploads\/2025\/04\/IMG_1662-100x100.jpeg\" alt=\"cover\">\t\t<span \t\t\tdata-qtmplayer-cover=\"https:\/\/rna.ao\/rna.ao\/wp-content\/uploads\/2025\/04\/IMG_1662-370x370.jpeg\"\n\t\t\t\t\t\tdata-qtmplayer-file=\"https:\/\/rna.ao\/rna.ao\/wp-content\/uploads\/2025\/04\/ANTONIO-CHOCOLATE.mp3\"\n\t\t\t\t\t\tdata-qtmplayer-title=\"Manuel Pereira da Silva j\u00e1 est\u00e1 em fun\u00e7\u00f5es como Presidente da Comiss\u00e3o Nacional eleitoral\"\n\t\t\t\t\t\tdata-qtmplayer-artist=\"Patr\u00edcia Campos\"\n\t\t\t\t\t\tdata-qtmplayer-link=\"https:\/\/rna.ao\/rna.ao\/2025\/04\/21\/manuel-pereira-da-silva-ja-esta-em-funcoes-como-presidente-da-comissao-nacional-eleitoral\/\"\n\t\t\t\t\t\tdata-qtmplayer-icon=\"file_download\"\n\t\t\t\t\t\tdata-qtmplayer-type=\"track\"\n\t\t\t class=\"qtmplayer-play qtmplayer-link-sec qtmplayer-play-btn\"><i class='material-icons'>play_arrow<\/i><\/span>\n\t\t<p>\n\t\t\t<span class=\"qtmplayer-tit\">Manuel Pereira da Silva j\u00e1 est\u00e1 em fun\u00e7\u00f5es como Presidente da Comiss\u00e3o Nacional eleitoral<\/span>\n\t\t\t<span class=\"qtmplayer-art\">Patr\u00edcia Campos<\/span>\n\t\t<\/p>\n\t<\/li>\n\t\t<\/ul>\n\t<\/div>\t\t\t\n\t\n<p>&nbsp;<\/p>\n<p>&nbsp;<\/p>\n","protected":false},"excerpt":{"rendered":"<p>J\u00e1 est\u00e1 em fun\u00e7\u00f5es o Presidente reeleito da Comiss\u00e3o Nacional Eleitoral, Manuel Pereira da Silva, para um segundo mandato. A tomada de posse de Manuel Pereira da Silva aconteceu hoje em meio a cr\u00edticas e contesta\u00e7\u00f5es por parte da oposi\u00e7\u00e3o especialmente do grupo parlamentar da UNITA. Jornalista Ant\u00f3nio Chocolate. Clique ...<\/p>\n","protected":false},"author":21,"featured_media":175268,"comment_status":"closed","ping_status":"closed","sticky":false,"template":"","format":"standard","meta":[],"categories":[142,121,164,163],"tags":[],"_links":{"self":[{"href":"https:\/\/rna.ao\/rna.ao\/wp-json\/wp\/v2\/posts\/175241"}],"collection":[{"href":"https:\/\/rna.ao\/rna.ao\/wp-json\/wp\/v2\/posts"}],"about":[{"href":"https:\/\/rna.ao\/rna.ao\/wp-json\/wp\/v2\/types\/post"}],"author":[{"embeddable":true,"href":"https:\/\/rna.ao\/rna.ao\/wp-json\/wp\/v2\/users\/21"}],"replies":[{"embeddable":true,"href":"https:\/\/rna.ao\/rna.ao\/wp-json\/wp\/v2\/comments?post=175241"}],"version-history":[{"count":2,"href":"https:\/\/rna.ao\/rna.ao\/wp-json\/wp\/v2\/posts\/175241\/revisions"}],"predecessor-version":[{"id":175269,"href":"https:\/\/rna.ao\/rna.ao\/wp-json\/wp\/v2\/posts\/175241\/revisions\/175269"}],"wp:featuredmedia":[{"embeddable":true,"href":"https:\/\/rna.ao\/rna.ao\/wp-json\/wp\/v2\/media\/175268"}],"wp:attachment":[{"href":"https:\/\/rna.ao\/rna.ao\/wp-json\/wp\/v2\/media?parent=175241"}],"wp:term":[{"taxonomy":"category","embeddable":true,"href":"https:\/\/rna.ao\/rna.ao\/wp-json\/wp\/v2\/categories?post=175241"},{"taxonomy":"post_tag","embeddable":true,"href":"https:\/\/rna.ao\/rna.ao\/wp-json\/wp\/v2\/tags?post=175241"}],"curies":[{"name":"wp","href":"https:\/\/api.w.org\/{rel}","templated":true}]}}