{"id":174532,"date":"2025-04-15T14:03:24","date_gmt":"2025-04-15T13:03:24","guid":{"rendered":"https:\/\/rna.ao\/rna.ao\/?p=174532"},"modified":"2025-04-15T14:04:09","modified_gmt":"2025-04-15T13:04:09","slug":"empresarios-que-prestaram-servicos-ao-estado-no-ano-passado-vao-ter-beneficios-fiscais","status":"publish","type":"post","link":"https:\/\/rna.ao\/rna.ao\/2025\/04\/15\/empresarios-que-prestaram-servicos-ao-estado-no-ano-passado-vao-ter-beneficios-fiscais\/","title":{"rendered":"Empres\u00e1rios que prestaram servi\u00e7os ao Estado no ano passado v\u00e3o ter benef\u00edcios fiscais"},"content":{"rendered":"<p><img loading=\"lazy\" class=\"alignnone size-medium wp-image-174533\" src=\"https:\/\/rna.ao\/rna.ao\/wp-content\/uploads\/2025\/04\/IMG_2381-770x559.jpeg\" alt=\"\" width=\"770\" height=\"559\" srcset=\"https:\/\/rna.ao\/rna.ao\/wp-content\/uploads\/2025\/04\/IMG_2381-770x559.jpeg 770w, https:\/\/rna.ao\/rna.ao\/wp-content\/uploads\/2025\/04\/IMG_2381-768x558.jpeg 768w, https:\/\/rna.ao\/rna.ao\/wp-content\/uploads\/2025\/04\/IMG_2381.jpeg 940w\" sizes=\"(max-width: 770px) 100vw, 770px\" \/>Os empres\u00e1rios que, em 2024, prestaram servi\u00e7os exclusivamente ao Estado e que possuem facturas emitidas, mas ainda n\u00e3o pagas, poder\u00e3o, por falta de liquidez, beneficiar de uma morat\u00f3ria no cumprimento de algumas das obriga\u00e7\u00f5es fiscais.<\/p>\n<p>O an\u00fancio foi feito no Cunene pelo Presidente do Conselho de Administra\u00e7\u00e3o da AGT, durante um encontro com o Minist\u00e9rio das Finan\u00e7as e os agentes econ\u00f3micos daquela prov\u00edncia.<\/p>\n<p>O encontro teve como objectivo encontrar solu\u00e7\u00f5es que visem a melhoria da rela\u00e7\u00e3o entre o fisco e os contribuintes. Jornalista Ven\u00e2ncio Isa\u00edas. Clique no \u00e1udio e ou\u00e7a:<\/p>\n\t<div class=\"qtmplayer-playlist-large\">\n\t\t<ul class=\"qtmplayer-playlist\">\n\t\t\t\n\t\t\t\t\t<li class=\"qtmplayer-trackitem\">\n\t\t<img src=\"https:\/\/rna.ao\/rna.ao\/wp-content\/uploads\/2025\/04\/IMG_2382-100x100.jpeg\" alt=\"cover\">\t\t<span \t\t\tdata-qtmplayer-cover=\"https:\/\/rna.ao\/rna.ao\/wp-content\/uploads\/2025\/04\/IMG_2382-370x370.jpeg\"\n\t\t\t\t\t\tdata-qtmplayer-file=\"https:\/\/rna.ao\/rna.ao\/wp-content\/uploads\/2025\/04\/CUNENE-AGT-13HRS.mp3\"\n\t\t\t\t\t\tdata-qtmplayer-title=\"Empres\u00e1rios que prestaram servi\u00e7os ao Estado no ano passado v\u00e3o ter benef\u00edcios fiscais\"\n\t\t\t\t\t\tdata-qtmplayer-artist=\"Juliana Nunes\"\n\t\t\t\t\t\tdata-qtmplayer-link=\"https:\/\/rna.ao\/rna.ao\/2025\/04\/15\/empresarios-que-prestaram-servicos-ao-estado-no-ano-passado-vao-ter-beneficios-fiscais\/\"\n\t\t\t\t\t\tdata-qtmplayer-icon=\"file_download\"\n\t\t\t\t\t\tdata-qtmplayer-type=\"track\"\n\t\t\t class=\"qtmplayer-play qtmplayer-link-sec qtmplayer-play-btn\"><i class='material-icons'>play_arrow<\/i><\/span>\n\t\t<p>\n\t\t\t<span class=\"qtmplayer-tit\">Empres\u00e1rios que prestaram servi\u00e7os ao Estado no ano passado v\u00e3o ter benef\u00edcios fiscais<\/span>\n\t\t\t<span class=\"qtmplayer-art\">Juliana Nunes<\/span>\n\t\t<\/p>\n\t<\/li>\n\t\t<\/ul>\n\t<\/div>\t\t\t\n\t\n","protected":false},"excerpt":{"rendered":"<p>Os empres\u00e1rios que, em 2024, prestaram servi\u00e7os exclusivamente ao Estado e que possuem facturas emitidas, mas ainda n\u00e3o pagas, poder\u00e3o, por falta de liquidez, beneficiar de uma morat\u00f3ria no cumprimento de algumas das obriga\u00e7\u00f5es fiscais. O an\u00fancio foi feito no Cunene pelo Presidente do Conselho de Administra\u00e7\u00e3o da AGT, durante ...<\/p>\n","protected":false},"author":16,"featured_media":174534,"comment_status":"closed","ping_status":"closed","sticky":false,"template":"","format":"standard","meta":[],"categories":[142,121,164,163],"tags":[],"_links":{"self":[{"href":"https:\/\/rna.ao\/rna.ao\/wp-json\/wp\/v2\/posts\/174532"}],"collection":[{"href":"https:\/\/rna.ao\/rna.ao\/wp-json\/wp\/v2\/posts"}],"about":[{"href":"https:\/\/rna.ao\/rna.ao\/wp-json\/wp\/v2\/types\/post"}],"author":[{"embeddable":true,"href":"https:\/\/rna.ao\/rna.ao\/wp-json\/wp\/v2\/users\/16"}],"replies":[{"embeddable":true,"href":"https:\/\/rna.ao\/rna.ao\/wp-json\/wp\/v2\/comments?post=174532"}],"version-history":[{"count":2,"href":"https:\/\/rna.ao\/rna.ao\/wp-json\/wp\/v2\/posts\/174532\/revisions"}],"predecessor-version":[{"id":174537,"href":"https:\/\/rna.ao\/rna.ao\/wp-json\/wp\/v2\/posts\/174532\/revisions\/174537"}],"wp:featuredmedia":[{"embeddable":true,"href":"https:\/\/rna.ao\/rna.ao\/wp-json\/wp\/v2\/media\/174534"}],"wp:attachment":[{"href":"https:\/\/rna.ao\/rna.ao\/wp-json\/wp\/v2\/media?parent=174532"}],"wp:term":[{"taxonomy":"category","embeddable":true,"href":"https:\/\/rna.ao\/rna.ao\/wp-json\/wp\/v2\/categories?post=174532"},{"taxonomy":"post_tag","embeddable":true,"href":"https:\/\/rna.ao\/rna.ao\/wp-json\/wp\/v2\/tags?post=174532"}],"curies":[{"name":"wp","href":"https:\/\/api.w.org\/{rel}","templated":true}]}}